{"id":9104,"date":"2024-09-24T16:52:49","date_gmt":"2024-09-24T14:52:49","guid":{"rendered":"https:\/\/www.buechl-gruppe.de\/news\/reinhard-buechl-adja-meg-az-alaphangot-az-ihk-12-bajor-csr-napjan\/"},"modified":"2025-01-22T12:57:48","modified_gmt":"2025-01-22T11:57:48","slug":"reinhard-buechl-adja-meg-az-alaphangot-az-ihk-12-bajor-csr-napjan","status":"publish","type":"news","link":"https:\/\/www.buechl-gruppe.de\/hu\/news\/reinhard-buechl-adja-meg-az-alaphangot-az-ihk-12-bajor-csr-napjan\/","title":{"rendered":"Reinhard B\u00fcchl adja meg az alaphangot az IHK 12. bajor CSR-napj\u00e1n"},"content":{"rendered":"\n<p>Reinhard B\u00fcchl, a B\u00dcCHL csoport \u00fcgyvezet\u0151 partnere inspir\u00e1l\u00f3 el\u0151ad\u00e1st tartott a 12. bajor CSR-napon M\u00fcnchenben. Az IHK megh\u00edv\u00e1s\u00e1ra bemutatta a B\u00dcCHL-csoport el\u0151remutat\u00f3 koncepci\u00f3it a fenntarthat\u00f3s\u00e1g, a kl\u00edmasemleges \u00e1rtalmatlan\u00edt\u00e1s \u00e9s az \u00fajrahasznos\u00edt\u00e1s ter\u00fclet\u00e9n.<\/p>\n\n<p>A B\u00fcchl bemutatta a B\u00dcCHL-csoport elk\u00e9pzel\u00e9s\u00e9t a kl\u00edmasemleges hullad\u00e9kkezel\u00e9s megval\u00f3s\u00edt\u00e1s\u00e1r\u00f3l &#8222;Cero2Waste&#8221; n\u00e9ven. Kit\u00e9rt azokra a legfontosabb kih\u00edv\u00e1sokra, amelyeket a v\u00e1llalatoknak ma le kell k\u00fczdeni\u00fck ahhoz, hogy hossz\u00fa t\u00e1von sikeresen \u00e9s felel\u0151ss\u00e9gteljesen m\u0171k\u00f6dhessenek.<\/p>\n\n<p>Az IHK M\u00fcnchen \u00e9s Fels\u0151-Bajororsz\u00e1g \u00e1ltal szervezett 12. Bajor CSR-nap platformot biztos\u00edtott a v\u00e1llalati fenntarthat\u00f3s\u00e1g ter\u00fclet\u00e9n az aktu\u00e1lis trendekr\u0151l \u00e9s a legjobb gyakorlatokr\u00f3l sz\u00f3l\u00f3 inform\u00e1ci\u00f3cser\u00e9hez. Az \u00fczleti \u00e9let, a politika \u00e9s a t\u00e1rsadalom neves szak\u00e9rt\u0151i megvitatt\u00e1k, hogy a v\u00e1llalatok innovat\u00edv koncepci\u00f3k r\u00e9v\u00e9n hogyan j\u00e1rulhatnak hozz\u00e1 pozit\u00edvan a fenntarthat\u00f3 fejl\u0151d\u00e9shez.<\/p>\n\n<p><a href=\"https:\/\/www.events.ihk-muenchen.de\/12-bayerischer-csr-tag\" target=\"_blank\" rel=\"noreferrer noopener\">https:\/\/www.events.ihk-muenchen.de\/12-bayerischer-csr-tag<\/a><\/p>\n\n<p><br\/>Fot\u00f3: (c) birdyfoto az IHK M\u00fcnchen sz\u00e1m\u00e1ra<\/p>\n","protected":false},"featured_media":8305,"template":"","meta":{"wichtig":""},"veroffentlichen-auf":[25,27],"kategorie-news":[40,26,34],"class_list":["post-9104","news","type-news","status-publish","has-post-thumbnail","hentry","veroffentlichen-auf-buechl-entsorgung","veroffentlichen-auf-buechl-gruppe","kategorie-news-geschaeftsentwicklung","kategorie-news-innovativer-partner","kategorie-news-nachhaltigkeit-klimaschutz"],"yoast_head":"<!-- This site is optimized with the Yoast SEO plugin v27.3 - https:\/\/yoast.com\/product\/yoast-seo-wordpress\/ -->\n<title>Reinhard B\u00fcchl adja meg az alaphangot az IHK 12. bajor CSR-napj\u00e1n - B\u00fcchl Gruppe<\/title>\n<meta name=\"description\" content=\"Reinhard B\u00fcchl bemutatta a B\u00dcCHL-csoport el\u0151remutat\u00f3 koncepci\u00f3it a fenntarthat\u00f3s\u00e1g, a kl\u00edmasemleges \u00e1rtalmatlan\u00edt\u00e1s \u00e9s az \u00fajrahasznos\u00edt\u00e1s ter\u00fclet\u00e9n.\" \/>\n<meta name=\"robots\" content=\"index, follow, max-snippet:-1, max-image-preview:large, max-video-preview:-1\" \/>\n<link rel=\"canonical\" href=\"https:\/\/www.buechl-gruppe.de\/hu\/news\/reinhard-buechl-adja-meg-az-alaphangot-az-ihk-12-bajor-csr-napjan\/\" \/>\n<meta property=\"og:locale\" content=\"hu_HU\" \/>\n<meta property=\"og:type\" content=\"article\" \/>\n<meta property=\"og:title\" content=\"Reinhard B\u00fcchl adja meg az alaphangot az IHK 12. bajor CSR-napj\u00e1n - B\u00fcchl Gruppe\" \/>\n<meta property=\"og:description\" content=\"Reinhard B\u00fcchl bemutatta a B\u00dcCHL-csoport el\u0151remutat\u00f3 koncepci\u00f3it a fenntarthat\u00f3s\u00e1g, a kl\u00edmasemleges \u00e1rtalmatlan\u00edt\u00e1s \u00e9s az \u00fajrahasznos\u00edt\u00e1s ter\u00fclet\u00e9n.\" \/>\n<meta property=\"og:url\" content=\"https:\/\/www.buechl-gruppe.de\/hu\/news\/reinhard-buechl-adja-meg-az-alaphangot-az-ihk-12-bajor-csr-napjan\/\" \/>\n<meta property=\"og:site_name\" content=\"B\u00fcchl Gruppe\" \/>\n<meta property=\"article:modified_time\" content=\"2025-01-22T11:57:48+00:00\" \/>\n<meta property=\"og:image\" content=\"https:\/\/www.buechl-gruppe.de\/wp-content\/uploads\/2024\/09\/BRDY1654_12.-Bayerischer-CSR-Tag-19.09.24_Rede-Reinhard-Buechl.jpg\" \/>\n\t<meta property=\"og:image:width\" content=\"1280\" \/>\n\t<meta property=\"og:image:height\" content=\"853\" \/>\n\t<meta property=\"og:image:type\" content=\"image\/jpeg\" \/>\n<meta name=\"twitter:card\" content=\"summary_large_image\" \/>\n<meta name=\"twitter:label1\" content=\"Becs\u00fclt olvas\u00e1si id\u0151\" \/>\n\t<meta name=\"twitter:data1\" content=\"1 perc\" \/>\n<script type=\"application\/ld+json\" class=\"yoast-schema-graph\">{\"@context\":\"https:\\\/\\\/schema.org\",\"@graph\":[{\"@type\":\"WebPage\",\"@id\":\"https:\\\/\\\/www.buechl-gruppe.de\\\/hu\\\/news\\\/reinhard-buechl-adja-meg-az-alaphangot-az-ihk-12-bajor-csr-napjan\\\/\",\"url\":\"https:\\\/\\\/www.buechl-gruppe.de\\\/hu\\\/news\\\/reinhard-buechl-adja-meg-az-alaphangot-az-ihk-12-bajor-csr-napjan\\\/\",\"name\":\"Reinhard B\u00fcchl adja meg az alaphangot az IHK 12. bajor CSR-napj\u00e1n - B\u00fcchl Gruppe\",\"isPartOf\":{\"@id\":\"https:\\\/\\\/www.buechl-gruppe.de\\\/#website\"},\"primaryImageOfPage\":{\"@id\":\"https:\\\/\\\/www.buechl-gruppe.de\\\/hu\\\/news\\\/reinhard-buechl-adja-meg-az-alaphangot-az-ihk-12-bajor-csr-napjan\\\/#primaryimage\"},\"image\":{\"@id\":\"https:\\\/\\\/www.buechl-gruppe.de\\\/hu\\\/news\\\/reinhard-buechl-adja-meg-az-alaphangot-az-ihk-12-bajor-csr-napjan\\\/#primaryimage\"},\"thumbnailUrl\":\"https:\\\/\\\/www.buechl-gruppe.de\\\/wp-content\\\/uploads\\\/2024\\\/09\\\/BRDY1654_12.-Bayerischer-CSR-Tag-19.09.24_Rede-Reinhard-Buechl.jpg\",\"datePublished\":\"2024-09-24T14:52:49+00:00\",\"dateModified\":\"2025-01-22T11:57:48+00:00\",\"description\":\"Reinhard B\u00fcchl bemutatta a B\u00dcCHL-csoport el\u0151remutat\u00f3 koncepci\u00f3it a fenntarthat\u00f3s\u00e1g, a kl\u00edmasemleges \u00e1rtalmatlan\u00edt\u00e1s \u00e9s az \u00fajrahasznos\u00edt\u00e1s ter\u00fclet\u00e9n.\",\"breadcrumb\":{\"@id\":\"https:\\\/\\\/www.buechl-gruppe.de\\\/hu\\\/news\\\/reinhard-buechl-adja-meg-az-alaphangot-az-ihk-12-bajor-csr-napjan\\\/#breadcrumb\"},\"inLanguage\":\"hu\",\"potentialAction\":[{\"@type\":\"ReadAction\",\"target\":[\"https:\\\/\\\/www.buechl-gruppe.de\\\/hu\\\/news\\\/reinhard-buechl-adja-meg-az-alaphangot-az-ihk-12-bajor-csr-napjan\\\/\"]}]},{\"@type\":\"ImageObject\",\"inLanguage\":\"hu\",\"@id\":\"https:\\\/\\\/www.buechl-gruppe.de\\\/hu\\\/news\\\/reinhard-buechl-adja-meg-az-alaphangot-az-ihk-12-bajor-csr-napjan\\\/#primaryimage\",\"url\":\"https:\\\/\\\/www.buechl-gruppe.de\\\/wp-content\\\/uploads\\\/2024\\\/09\\\/BRDY1654_12.-Bayerischer-CSR-Tag-19.09.24_Rede-Reinhard-Buechl.jpg\",\"contentUrl\":\"https:\\\/\\\/www.buechl-gruppe.de\\\/wp-content\\\/uploads\\\/2024\\\/09\\\/BRDY1654_12.-Bayerischer-CSR-Tag-19.09.24_Rede-Reinhard-Buechl.jpg\",\"width\":1280,\"height\":853,\"caption\":\"BRDY1654_12. Bayerischer CSR-Tag 19.09.24_Rede Reinhard B\u00fcchl\"},{\"@type\":\"BreadcrumbList\",\"@id\":\"https:\\\/\\\/www.buechl-gruppe.de\\\/hu\\\/news\\\/reinhard-buechl-adja-meg-az-alaphangot-az-ihk-12-bajor-csr-napjan\\\/#breadcrumb\",\"itemListElement\":[{\"@type\":\"ListItem\",\"position\":1,\"name\":\"Startseite\",\"item\":\"https:\\\/\\\/www.buechl-gruppe.de\\\/\"},{\"@type\":\"ListItem\",\"position\":2,\"name\":\"News\",\"item\":\"https:\\\/\\\/www.buechl-gruppe.de\\\/news\\\/\"},{\"@type\":\"ListItem\",\"position\":3,\"name\":\"Reinhard B\u00fcchl adja meg az alaphangot az IHK 12. bajor CSR-napj\u00e1n\"}]},{\"@type\":\"WebSite\",\"@id\":\"https:\\\/\\\/www.buechl-gruppe.de\\\/#website\",\"url\":\"https:\\\/\\\/www.buechl-gruppe.de\\\/\",\"name\":\"B\u00fcchl Gruppe\",\"description\":\"\",\"publisher\":{\"@id\":\"https:\\\/\\\/www.buechl-gruppe.de\\\/#organization\"},\"potentialAction\":[{\"@type\":\"SearchAction\",\"target\":{\"@type\":\"EntryPoint\",\"urlTemplate\":\"https:\\\/\\\/www.buechl-gruppe.de\\\/?s={search_term_string}\"},\"query-input\":{\"@type\":\"PropertyValueSpecification\",\"valueRequired\":true,\"valueName\":\"search_term_string\"}}],\"inLanguage\":\"hu\"},{\"@type\":\"Organization\",\"@id\":\"https:\\\/\\\/www.buechl-gruppe.de\\\/#organization\",\"name\":\"B\u00fcchl Gruppe\",\"url\":\"https:\\\/\\\/www.buechl-gruppe.de\\\/\",\"logo\":{\"@type\":\"ImageObject\",\"inLanguage\":\"hu\",\"@id\":\"https:\\\/\\\/www.buechl-gruppe.de\\\/#\\\/schema\\\/logo\\\/image\\\/\",\"url\":\"https:\\\/\\\/www.buechl-gruppe.de\\\/wp-content\\\/uploads\\\/2024\\\/09\\\/Logos-4-1.png\",\"contentUrl\":\"https:\\\/\\\/www.buechl-gruppe.de\\\/wp-content\\\/uploads\\\/2024\\\/09\\\/Logos-4-1.png\",\"width\":300,\"height\":98,\"caption\":\"B\u00fcchl Gruppe\"},\"image\":{\"@id\":\"https:\\\/\\\/www.buechl-gruppe.de\\\/#\\\/schema\\\/logo\\\/image\\\/\"}}]}<\/script>\n<!-- \/ Yoast SEO plugin. -->","yoast_head_json":{"title":"Reinhard B\u00fcchl adja meg az alaphangot az IHK 12. bajor CSR-napj\u00e1n - B\u00fcchl Gruppe","description":"Reinhard B\u00fcchl bemutatta a B\u00dcCHL-csoport el\u0151remutat\u00f3 koncepci\u00f3it a fenntarthat\u00f3s\u00e1g, a kl\u00edmasemleges \u00e1rtalmatlan\u00edt\u00e1s \u00e9s az \u00fajrahasznos\u00edt\u00e1s ter\u00fclet\u00e9n.","robots":{"index":"index","follow":"follow","max-snippet":"max-snippet:-1","max-image-preview":"max-image-preview:large","max-video-preview":"max-video-preview:-1"},"canonical":"https:\/\/www.buechl-gruppe.de\/hu\/news\/reinhard-buechl-adja-meg-az-alaphangot-az-ihk-12-bajor-csr-napjan\/","og_locale":"hu_HU","og_type":"article","og_title":"Reinhard B\u00fcchl adja meg az alaphangot az IHK 12. bajor CSR-napj\u00e1n - B\u00fcchl Gruppe","og_description":"Reinhard B\u00fcchl bemutatta a B\u00dcCHL-csoport el\u0151remutat\u00f3 koncepci\u00f3it a fenntarthat\u00f3s\u00e1g, a kl\u00edmasemleges \u00e1rtalmatlan\u00edt\u00e1s \u00e9s az \u00fajrahasznos\u00edt\u00e1s ter\u00fclet\u00e9n.","og_url":"https:\/\/www.buechl-gruppe.de\/hu\/news\/reinhard-buechl-adja-meg-az-alaphangot-az-ihk-12-bajor-csr-napjan\/","og_site_name":"B\u00fcchl Gruppe","article_modified_time":"2025-01-22T11:57:48+00:00","og_image":[{"width":1280,"height":853,"url":"https:\/\/www.buechl-gruppe.de\/wp-content\/uploads\/2024\/09\/BRDY1654_12.-Bayerischer-CSR-Tag-19.09.24_Rede-Reinhard-Buechl.jpg","type":"image\/jpeg"}],"twitter_card":"summary_large_image","twitter_misc":{"Becs\u00fclt olvas\u00e1si id\u0151":"1 perc"},"schema":{"@context":"https:\/\/schema.org","@graph":[{"@type":"WebPage","@id":"https:\/\/www.buechl-gruppe.de\/hu\/news\/reinhard-buechl-adja-meg-az-alaphangot-az-ihk-12-bajor-csr-napjan\/","url":"https:\/\/www.buechl-gruppe.de\/hu\/news\/reinhard-buechl-adja-meg-az-alaphangot-az-ihk-12-bajor-csr-napjan\/","name":"Reinhard B\u00fcchl adja meg az alaphangot az IHK 12. bajor CSR-napj\u00e1n - B\u00fcchl Gruppe","isPartOf":{"@id":"https:\/\/www.buechl-gruppe.de\/#website"},"primaryImageOfPage":{"@id":"https:\/\/www.buechl-gruppe.de\/hu\/news\/reinhard-buechl-adja-meg-az-alaphangot-az-ihk-12-bajor-csr-napjan\/#primaryimage"},"image":{"@id":"https:\/\/www.buechl-gruppe.de\/hu\/news\/reinhard-buechl-adja-meg-az-alaphangot-az-ihk-12-bajor-csr-napjan\/#primaryimage"},"thumbnailUrl":"https:\/\/www.buechl-gruppe.de\/wp-content\/uploads\/2024\/09\/BRDY1654_12.-Bayerischer-CSR-Tag-19.09.24_Rede-Reinhard-Buechl.jpg","datePublished":"2024-09-24T14:52:49+00:00","dateModified":"2025-01-22T11:57:48+00:00","description":"Reinhard B\u00fcchl bemutatta a B\u00dcCHL-csoport el\u0151remutat\u00f3 koncepci\u00f3it a fenntarthat\u00f3s\u00e1g, a kl\u00edmasemleges \u00e1rtalmatlan\u00edt\u00e1s \u00e9s az \u00fajrahasznos\u00edt\u00e1s ter\u00fclet\u00e9n.","breadcrumb":{"@id":"https:\/\/www.buechl-gruppe.de\/hu\/news\/reinhard-buechl-adja-meg-az-alaphangot-az-ihk-12-bajor-csr-napjan\/#breadcrumb"},"inLanguage":"hu","potentialAction":[{"@type":"ReadAction","target":["https:\/\/www.buechl-gruppe.de\/hu\/news\/reinhard-buechl-adja-meg-az-alaphangot-az-ihk-12-bajor-csr-napjan\/"]}]},{"@type":"ImageObject","inLanguage":"hu","@id":"https:\/\/www.buechl-gruppe.de\/hu\/news\/reinhard-buechl-adja-meg-az-alaphangot-az-ihk-12-bajor-csr-napjan\/#primaryimage","url":"https:\/\/www.buechl-gruppe.de\/wp-content\/uploads\/2024\/09\/BRDY1654_12.-Bayerischer-CSR-Tag-19.09.24_Rede-Reinhard-Buechl.jpg","contentUrl":"https:\/\/www.buechl-gruppe.de\/wp-content\/uploads\/2024\/09\/BRDY1654_12.-Bayerischer-CSR-Tag-19.09.24_Rede-Reinhard-Buechl.jpg","width":1280,"height":853,"caption":"BRDY1654_12. Bayerischer CSR-Tag 19.09.24_Rede Reinhard B\u00fcchl"},{"@type":"BreadcrumbList","@id":"https:\/\/www.buechl-gruppe.de\/hu\/news\/reinhard-buechl-adja-meg-az-alaphangot-az-ihk-12-bajor-csr-napjan\/#breadcrumb","itemListElement":[{"@type":"ListItem","position":1,"name":"Startseite","item":"https:\/\/www.buechl-gruppe.de\/"},{"@type":"ListItem","position":2,"name":"News","item":"https:\/\/www.buechl-gruppe.de\/news\/"},{"@type":"ListItem","position":3,"name":"Reinhard B\u00fcchl adja meg az alaphangot az IHK 12. bajor CSR-napj\u00e1n"}]},{"@type":"WebSite","@id":"https:\/\/www.buechl-gruppe.de\/#website","url":"https:\/\/www.buechl-gruppe.de\/","name":"B\u00fcchl Gruppe","description":"","publisher":{"@id":"https:\/\/www.buechl-gruppe.de\/#organization"},"potentialAction":[{"@type":"SearchAction","target":{"@type":"EntryPoint","urlTemplate":"https:\/\/www.buechl-gruppe.de\/?s={search_term_string}"},"query-input":{"@type":"PropertyValueSpecification","valueRequired":true,"valueName":"search_term_string"}}],"inLanguage":"hu"},{"@type":"Organization","@id":"https:\/\/www.buechl-gruppe.de\/#organization","name":"B\u00fcchl Gruppe","url":"https:\/\/www.buechl-gruppe.de\/","logo":{"@type":"ImageObject","inLanguage":"hu","@id":"https:\/\/www.buechl-gruppe.de\/#\/schema\/logo\/image\/","url":"https:\/\/www.buechl-gruppe.de\/wp-content\/uploads\/2024\/09\/Logos-4-1.png","contentUrl":"https:\/\/www.buechl-gruppe.de\/wp-content\/uploads\/2024\/09\/Logos-4-1.png","width":300,"height":98,"caption":"B\u00fcchl Gruppe"},"image":{"@id":"https:\/\/www.buechl-gruppe.de\/#\/schema\/logo\/image\/"}}]}},"_links":{"self":[{"href":"https:\/\/www.buechl-gruppe.de\/hu\/wp-json\/wp\/v2\/news\/9104","targetHints":{"allow":["GET"]}}],"collection":[{"href":"https:\/\/www.buechl-gruppe.de\/hu\/wp-json\/wp\/v2\/news"}],"about":[{"href":"https:\/\/www.buechl-gruppe.de\/hu\/wp-json\/wp\/v2\/types\/news"}],"wp:featuredmedia":[{"embeddable":true,"href":"https:\/\/www.buechl-gruppe.de\/hu\/wp-json\/wp\/v2\/media\/8305"}],"wp:attachment":[{"href":"https:\/\/www.buechl-gruppe.de\/hu\/wp-json\/wp\/v2\/media?parent=9104"}],"wp:term":[{"taxonomy":"veroffentlichen-auf","embeddable":true,"href":"https:\/\/www.buechl-gruppe.de\/hu\/wp-json\/wp\/v2\/veroffentlichen-auf?post=9104"},{"taxonomy":"kategorie-news","embeddable":true,"href":"https:\/\/www.buechl-gruppe.de\/hu\/wp-json\/wp\/v2\/kategorie-news?post=9104"}],"curies":[{"name":"wp","href":"https:\/\/api.w.org\/{rel}","templated":true}]}}