{"id":5626,"date":"2024-02-21T14:48:00","date_gmt":"2024-02-21T13:48:00","guid":{"rendered":"https:\/\/www.buechl-gruppe.de\/news\/a-buechl-hivatalos-klimavedelmi-vallalat\/"},"modified":"2025-12-02T19:48:06","modified_gmt":"2025-12-02T18:48:06","slug":"a-buechl-hivatalos-klimavedelmi-vallalat","status":"publish","type":"news","link":"https:\/\/www.buechl-gruppe.de\/hu\/news\/a-buechl-hivatalos-klimavedelmi-vallalat\/","title":{"rendered":"A B\u00dcCHL hivatalos kl\u00edmav\u00e9delmi v\u00e1llalat"},"content":{"rendered":"\n<p>2023 november\u00e9nek v\u00e9ge m\u00e9rf\u00f6ldk\u0151 volt a B\u00dcCHL Csoport sz\u00e1m\u00e1ra, amikor felv\u00e9telt nyert a &#8222;Klimaschutz-Unternehmen &#8211; Die Klimaschutz- und Energieeffizienzgruppe der Deutschen Wirtschaft e.V.&#8221; neves sz\u00f6vets\u00e9gbe. Ez a tags\u00e1g meger\u0151s\u00edti a B\u00dcCHL Csoport \u00e9s k\u00fcl\u00f6n\u00f6sen a B\u00dcCHL Entsorgungswirtschaft GmbH \u00e1tfog\u00f3 elk\u00f6telezetts\u00e9g\u00e9t az \u00e9ghajlatv\u00e9delem \u00e9s a fenntarthat\u00f3s\u00e1g ir\u00e1nt.<\/p>\n\n<p>A felv\u00e9teli elj\u00e1r\u00e1s r\u00e9szletes bemutat\u00f3t, szak\u00e9rt\u0151i \u00e9rt\u00e9kel\u00e9st \u00e9s a sz\u00f6vets\u00e9g tan\u00e1csad\u00f3 test\u00fclet\u00e9nek fel\u00fclvizsg\u00e1lat\u00e1t foglalta mag\u00e1ban. Ez az \u00e9rt\u00e9kel\u00e9s hangs\u00falyozza a tags\u00e1g fontoss\u00e1g\u00e1t \u00e9s \u00e9rt\u00e9k\u00e9t.<\/p>\n\n<p>A sz\u00f6vets\u00e9ghez val\u00f3 csatlakoz\u00e1ssal a B\u00dcCHL egyike annak a mintegy 70 kiv\u00e1lasztott &#8222;kl\u00edmav\u00e9delmi v\u00e1llalatnak&#8221;, amelyeket N\u00e9metorsz\u00e1g-szerte az \u00e9ghajlatv\u00e9delem \u00e9s az energiahat\u00e9konys\u00e1g ir\u00e1nti elk\u00f6telezetts\u00e9g\u00fck\u00e9rt ismernek el. Tags\u00e1gi sz\u00e1munk 75, c\u00e9g\u00fcnk profilj\u00e1t a <a href=\"https:\/\/www.klimaschutz-unternehmen.de\/erfolgsgeschichten\/energie-und-ressourcen-effizienz\/buechl\" target=\"_blank\" rel=\"noreferrer noopener\">https:\/\/www.klimaschutz-unternehmen.de\/erfolgsgeschichten\/energie-und-ressourcen-effizienz\/buechl<\/a> tags\u00e1gi oldalon tal\u00e1lja.<\/p>\n\n<p>Aki t\u00f6bbet szeretne megtudni a B\u00dcCHL Csoport \u00e9s a B\u00dcCHL Hullad\u00e9kgazd\u00e1lkod\u00e1s kl\u00edmastrat\u00e9gi\u00e1j\u00e1r\u00f3l, a <a href=\"https:\/\/cero2waste.de\/\" target=\"_blank\" rel=\"noreferrer noopener\">www.cero2waste.de<\/a> weboldalon tal\u00e1l tov\u00e1bbi inform\u00e1ci\u00f3kat. A B\u00dcCHL e jelent\u0151s l\u00e9p\u00e9se kiemeli folyamatos t\u00f6rekv\u00e9s\u00e9t arra, hogy az \u00f6kol\u00f3giai elvek szerint j\u00e1rjon el, \u00e9s pozit\u00edvan j\u00e1ruljon hozz\u00e1 a glob\u00e1lis kl\u00edmav\u00e9delemhez.<\/p>\n","protected":false},"featured_media":5627,"template":"","meta":{"wichtig":""},"veroffentlichen-auf":[25,27],"kategorie-news":[40,26,34,39],"class_list":["post-5626","news","type-news","status-publish","has-post-thumbnail","hentry","veroffentlichen-auf-buechl-entsorgung","veroffentlichen-auf-buechl-gruppe","kategorie-news-geschaeftsentwicklung","kategorie-news-innovativer-partner","kategorie-news-nachhaltigkeit-klimaschutz","kategorie-news-wichtig-fuer-kunden"],"yoast_head":"<!-- This site is optimized with the Yoast SEO plugin v27.3 - https:\/\/yoast.com\/product\/yoast-seo-wordpress\/ -->\n<title>A B\u00dcCHL hivatalos kl\u00edmav\u00e9delmi v\u00e1llalat - B\u00fcchl Gruppe<\/title>\n<meta name=\"description\" content=\"Ez a tags\u00e1g meger\u0151s\u00edti a B\u00dcCHL Csoport \u00e1tfog\u00f3 elk\u00f6telezetts\u00e9g\u00e9t az \u00e9ghajlatv\u00e9delem \u00e9s a fenntarthat\u00f3s\u00e1g ir\u00e1nt.\" \/>\n<meta name=\"robots\" content=\"index, follow, max-snippet:-1, max-image-preview:large, max-video-preview:-1\" \/>\n<link rel=\"canonical\" href=\"https:\/\/www.buechl-gruppe.de\/hu\/news\/a-buechl-hivatalos-klimavedelmi-vallalat\/\" \/>\n<meta property=\"og:locale\" content=\"hu_HU\" \/>\n<meta property=\"og:type\" content=\"article\" \/>\n<meta property=\"og:title\" content=\"A B\u00dcCHL hivatalos kl\u00edmav\u00e9delmi v\u00e1llalat - B\u00fcchl Gruppe\" \/>\n<meta property=\"og:description\" content=\"Ez a tags\u00e1g meger\u0151s\u00edti a B\u00dcCHL Csoport \u00e1tfog\u00f3 elk\u00f6telezetts\u00e9g\u00e9t az \u00e9ghajlatv\u00e9delem \u00e9s a fenntarthat\u00f3s\u00e1g ir\u00e1nt.\" \/>\n<meta property=\"og:url\" content=\"https:\/\/www.buechl-gruppe.de\/hu\/news\/a-buechl-hivatalos-klimavedelmi-vallalat\/\" \/>\n<meta property=\"og:site_name\" content=\"B\u00fcchl Gruppe\" \/>\n<meta property=\"article:modified_time\" content=\"2025-12-02T18:48:06+00:00\" \/>\n<meta property=\"og:image\" content=\"https:\/\/www.buechl-gruppe.de\/wp-content\/uploads\/2024\/02\/Titelmotiv-KSU-Logo_Newsmeldung-e1708515068359.png\" \/>\n\t<meta property=\"og:image:width\" content=\"1000\" \/>\n\t<meta property=\"og:image:height\" content=\"763\" \/>\n\t<meta property=\"og:image:type\" content=\"image\/png\" \/>\n<meta name=\"twitter:card\" content=\"summary_large_image\" \/>\n<meta name=\"twitter:label1\" content=\"Becs\u00fclt olvas\u00e1si id\u0151\" \/>\n\t<meta name=\"twitter:data1\" content=\"1 perc\" \/>\n<script type=\"application\/ld+json\" class=\"yoast-schema-graph\">{\"@context\":\"https:\\\/\\\/schema.org\",\"@graph\":[{\"@type\":\"WebPage\",\"@id\":\"https:\\\/\\\/www.buechl-gruppe.de\\\/hu\\\/news\\\/a-buechl-hivatalos-klimavedelmi-vallalat\\\/\",\"url\":\"https:\\\/\\\/www.buechl-gruppe.de\\\/hu\\\/news\\\/a-buechl-hivatalos-klimavedelmi-vallalat\\\/\",\"name\":\"A B\u00dcCHL hivatalos kl\u00edmav\u00e9delmi v\u00e1llalat - B\u00fcchl Gruppe\",\"isPartOf\":{\"@id\":\"https:\\\/\\\/www.buechl-gruppe.de\\\/#website\"},\"primaryImageOfPage\":{\"@id\":\"https:\\\/\\\/www.buechl-gruppe.de\\\/hu\\\/news\\\/a-buechl-hivatalos-klimavedelmi-vallalat\\\/#primaryimage\"},\"image\":{\"@id\":\"https:\\\/\\\/www.buechl-gruppe.de\\\/hu\\\/news\\\/a-buechl-hivatalos-klimavedelmi-vallalat\\\/#primaryimage\"},\"thumbnailUrl\":\"https:\\\/\\\/www.buechl-gruppe.de\\\/wp-content\\\/uploads\\\/2024\\\/02\\\/Titelmotiv-KSU-Logo_Newsmeldung-e1708515068359.png\",\"datePublished\":\"2024-02-21T13:48:00+00:00\",\"dateModified\":\"2025-12-02T18:48:06+00:00\",\"description\":\"Ez a tags\u00e1g meger\u0151s\u00edti a B\u00dcCHL Csoport \u00e1tfog\u00f3 elk\u00f6telezetts\u00e9g\u00e9t az \u00e9ghajlatv\u00e9delem \u00e9s a fenntarthat\u00f3s\u00e1g ir\u00e1nt.\",\"breadcrumb\":{\"@id\":\"https:\\\/\\\/www.buechl-gruppe.de\\\/hu\\\/news\\\/a-buechl-hivatalos-klimavedelmi-vallalat\\\/#breadcrumb\"},\"inLanguage\":\"hu\",\"potentialAction\":[{\"@type\":\"ReadAction\",\"target\":[\"https:\\\/\\\/www.buechl-gruppe.de\\\/hu\\\/news\\\/a-buechl-hivatalos-klimavedelmi-vallalat\\\/\"]}]},{\"@type\":\"ImageObject\",\"inLanguage\":\"hu\",\"@id\":\"https:\\\/\\\/www.buechl-gruppe.de\\\/hu\\\/news\\\/a-buechl-hivatalos-klimavedelmi-vallalat\\\/#primaryimage\",\"url\":\"https:\\\/\\\/www.buechl-gruppe.de\\\/wp-content\\\/uploads\\\/2024\\\/02\\\/Titelmotiv-KSU-Logo_Newsmeldung-e1708515068359.png\",\"contentUrl\":\"https:\\\/\\\/www.buechl-gruppe.de\\\/wp-content\\\/uploads\\\/2024\\\/02\\\/Titelmotiv-KSU-Logo_Newsmeldung-e1708515068359.png\",\"width\":1000,\"height\":763,\"caption\":\"Titelmotiv KSU-Logo_Newsmeldung B\u00dcCHL\"},{\"@type\":\"BreadcrumbList\",\"@id\":\"https:\\\/\\\/www.buechl-gruppe.de\\\/hu\\\/news\\\/a-buechl-hivatalos-klimavedelmi-vallalat\\\/#breadcrumb\",\"itemListElement\":[{\"@type\":\"ListItem\",\"position\":1,\"name\":\"Startseite\",\"item\":\"https:\\\/\\\/www.buechl-gruppe.de\\\/\"},{\"@type\":\"ListItem\",\"position\":2,\"name\":\"News\",\"item\":\"https:\\\/\\\/www.buechl-gruppe.de\\\/news\\\/\"},{\"@type\":\"ListItem\",\"position\":3,\"name\":\"A B\u00dcCHL hivatalos kl\u00edmav\u00e9delmi v\u00e1llalat\"}]},{\"@type\":\"WebSite\",\"@id\":\"https:\\\/\\\/www.buechl-gruppe.de\\\/#website\",\"url\":\"https:\\\/\\\/www.buechl-gruppe.de\\\/\",\"name\":\"B\u00fcchl Gruppe\",\"description\":\"\",\"publisher\":{\"@id\":\"https:\\\/\\\/www.buechl-gruppe.de\\\/#organization\"},\"potentialAction\":[{\"@type\":\"SearchAction\",\"target\":{\"@type\":\"EntryPoint\",\"urlTemplate\":\"https:\\\/\\\/www.buechl-gruppe.de\\\/?s={search_term_string}\"},\"query-input\":{\"@type\":\"PropertyValueSpecification\",\"valueRequired\":true,\"valueName\":\"search_term_string\"}}],\"inLanguage\":\"hu\"},{\"@type\":\"Organization\",\"@id\":\"https:\\\/\\\/www.buechl-gruppe.de\\\/#organization\",\"name\":\"B\u00fcchl Gruppe\",\"url\":\"https:\\\/\\\/www.buechl-gruppe.de\\\/\",\"logo\":{\"@type\":\"ImageObject\",\"inLanguage\":\"hu\",\"@id\":\"https:\\\/\\\/www.buechl-gruppe.de\\\/#\\\/schema\\\/logo\\\/image\\\/\",\"url\":\"https:\\\/\\\/www.buechl-gruppe.de\\\/wp-content\\\/uploads\\\/2024\\\/09\\\/Logos-4-1.png\",\"contentUrl\":\"https:\\\/\\\/www.buechl-gruppe.de\\\/wp-content\\\/uploads\\\/2024\\\/09\\\/Logos-4-1.png\",\"width\":300,\"height\":98,\"caption\":\"B\u00fcchl Gruppe\"},\"image\":{\"@id\":\"https:\\\/\\\/www.buechl-gruppe.de\\\/#\\\/schema\\\/logo\\\/image\\\/\"}}]}<\/script>\n<!-- \/ Yoast SEO plugin. -->","yoast_head_json":{"title":"A B\u00dcCHL hivatalos kl\u00edmav\u00e9delmi v\u00e1llalat - B\u00fcchl Gruppe","description":"Ez a tags\u00e1g meger\u0151s\u00edti a B\u00dcCHL Csoport \u00e1tfog\u00f3 elk\u00f6telezetts\u00e9g\u00e9t az \u00e9ghajlatv\u00e9delem \u00e9s a fenntarthat\u00f3s\u00e1g ir\u00e1nt.","robots":{"index":"index","follow":"follow","max-snippet":"max-snippet:-1","max-image-preview":"max-image-preview:large","max-video-preview":"max-video-preview:-1"},"canonical":"https:\/\/www.buechl-gruppe.de\/hu\/news\/a-buechl-hivatalos-klimavedelmi-vallalat\/","og_locale":"hu_HU","og_type":"article","og_title":"A B\u00dcCHL hivatalos kl\u00edmav\u00e9delmi v\u00e1llalat - B\u00fcchl Gruppe","og_description":"Ez a tags\u00e1g meger\u0151s\u00edti a B\u00dcCHL Csoport \u00e1tfog\u00f3 elk\u00f6telezetts\u00e9g\u00e9t az \u00e9ghajlatv\u00e9delem \u00e9s a fenntarthat\u00f3s\u00e1g ir\u00e1nt.","og_url":"https:\/\/www.buechl-gruppe.de\/hu\/news\/a-buechl-hivatalos-klimavedelmi-vallalat\/","og_site_name":"B\u00fcchl Gruppe","article_modified_time":"2025-12-02T18:48:06+00:00","og_image":[{"width":1000,"height":763,"url":"https:\/\/www.buechl-gruppe.de\/wp-content\/uploads\/2024\/02\/Titelmotiv-KSU-Logo_Newsmeldung-e1708515068359.png","type":"image\/png"}],"twitter_card":"summary_large_image","twitter_misc":{"Becs\u00fclt olvas\u00e1si id\u0151":"1 perc"},"schema":{"@context":"https:\/\/schema.org","@graph":[{"@type":"WebPage","@id":"https:\/\/www.buechl-gruppe.de\/hu\/news\/a-buechl-hivatalos-klimavedelmi-vallalat\/","url":"https:\/\/www.buechl-gruppe.de\/hu\/news\/a-buechl-hivatalos-klimavedelmi-vallalat\/","name":"A B\u00dcCHL hivatalos kl\u00edmav\u00e9delmi v\u00e1llalat - B\u00fcchl Gruppe","isPartOf":{"@id":"https:\/\/www.buechl-gruppe.de\/#website"},"primaryImageOfPage":{"@id":"https:\/\/www.buechl-gruppe.de\/hu\/news\/a-buechl-hivatalos-klimavedelmi-vallalat\/#primaryimage"},"image":{"@id":"https:\/\/www.buechl-gruppe.de\/hu\/news\/a-buechl-hivatalos-klimavedelmi-vallalat\/#primaryimage"},"thumbnailUrl":"https:\/\/www.buechl-gruppe.de\/wp-content\/uploads\/2024\/02\/Titelmotiv-KSU-Logo_Newsmeldung-e1708515068359.png","datePublished":"2024-02-21T13:48:00+00:00","dateModified":"2025-12-02T18:48:06+00:00","description":"Ez a tags\u00e1g meger\u0151s\u00edti a B\u00dcCHL Csoport \u00e1tfog\u00f3 elk\u00f6telezetts\u00e9g\u00e9t az \u00e9ghajlatv\u00e9delem \u00e9s a fenntarthat\u00f3s\u00e1g ir\u00e1nt.","breadcrumb":{"@id":"https:\/\/www.buechl-gruppe.de\/hu\/news\/a-buechl-hivatalos-klimavedelmi-vallalat\/#breadcrumb"},"inLanguage":"hu","potentialAction":[{"@type":"ReadAction","target":["https:\/\/www.buechl-gruppe.de\/hu\/news\/a-buechl-hivatalos-klimavedelmi-vallalat\/"]}]},{"@type":"ImageObject","inLanguage":"hu","@id":"https:\/\/www.buechl-gruppe.de\/hu\/news\/a-buechl-hivatalos-klimavedelmi-vallalat\/#primaryimage","url":"https:\/\/www.buechl-gruppe.de\/wp-content\/uploads\/2024\/02\/Titelmotiv-KSU-Logo_Newsmeldung-e1708515068359.png","contentUrl":"https:\/\/www.buechl-gruppe.de\/wp-content\/uploads\/2024\/02\/Titelmotiv-KSU-Logo_Newsmeldung-e1708515068359.png","width":1000,"height":763,"caption":"Titelmotiv KSU-Logo_Newsmeldung B\u00dcCHL"},{"@type":"BreadcrumbList","@id":"https:\/\/www.buechl-gruppe.de\/hu\/news\/a-buechl-hivatalos-klimavedelmi-vallalat\/#breadcrumb","itemListElement":[{"@type":"ListItem","position":1,"name":"Startseite","item":"https:\/\/www.buechl-gruppe.de\/"},{"@type":"ListItem","position":2,"name":"News","item":"https:\/\/www.buechl-gruppe.de\/news\/"},{"@type":"ListItem","position":3,"name":"A B\u00dcCHL hivatalos kl\u00edmav\u00e9delmi v\u00e1llalat"}]},{"@type":"WebSite","@id":"https:\/\/www.buechl-gruppe.de\/#website","url":"https:\/\/www.buechl-gruppe.de\/","name":"B\u00fcchl Gruppe","description":"","publisher":{"@id":"https:\/\/www.buechl-gruppe.de\/#organization"},"potentialAction":[{"@type":"SearchAction","target":{"@type":"EntryPoint","urlTemplate":"https:\/\/www.buechl-gruppe.de\/?s={search_term_string}"},"query-input":{"@type":"PropertyValueSpecification","valueRequired":true,"valueName":"search_term_string"}}],"inLanguage":"hu"},{"@type":"Organization","@id":"https:\/\/www.buechl-gruppe.de\/#organization","name":"B\u00fcchl Gruppe","url":"https:\/\/www.buechl-gruppe.de\/","logo":{"@type":"ImageObject","inLanguage":"hu","@id":"https:\/\/www.buechl-gruppe.de\/#\/schema\/logo\/image\/","url":"https:\/\/www.buechl-gruppe.de\/wp-content\/uploads\/2024\/09\/Logos-4-1.png","contentUrl":"https:\/\/www.buechl-gruppe.de\/wp-content\/uploads\/2024\/09\/Logos-4-1.png","width":300,"height":98,"caption":"B\u00fcchl Gruppe"},"image":{"@id":"https:\/\/www.buechl-gruppe.de\/#\/schema\/logo\/image\/"}}]}},"_links":{"self":[{"href":"https:\/\/www.buechl-gruppe.de\/hu\/wp-json\/wp\/v2\/news\/5626","targetHints":{"allow":["GET"]}}],"collection":[{"href":"https:\/\/www.buechl-gruppe.de\/hu\/wp-json\/wp\/v2\/news"}],"about":[{"href":"https:\/\/www.buechl-gruppe.de\/hu\/wp-json\/wp\/v2\/types\/news"}],"wp:featuredmedia":[{"embeddable":true,"href":"https:\/\/www.buechl-gruppe.de\/hu\/wp-json\/wp\/v2\/media\/5627"}],"wp:attachment":[{"href":"https:\/\/www.buechl-gruppe.de\/hu\/wp-json\/wp\/v2\/media?parent=5626"}],"wp:term":[{"taxonomy":"veroffentlichen-auf","embeddable":true,"href":"https:\/\/www.buechl-gruppe.de\/hu\/wp-json\/wp\/v2\/veroffentlichen-auf?post=5626"},{"taxonomy":"kategorie-news","embeddable":true,"href":"https:\/\/www.buechl-gruppe.de\/hu\/wp-json\/wp\/v2\/kategorie-news?post=5626"}],"curies":[{"name":"wp","href":"https:\/\/api.w.org\/{rel}","templated":true}]}}