{"id":5591,"date":"2024-03-12T17:42:44","date_gmt":"2024-03-12T16:42:44","guid":{"rendered":"https:\/\/www.buechl-gruppe.de\/news\/a-szoevetsegi-gazdasagi-miniszterium-a-buechl-t-klimavedelmi-vallalatkent-tuenteti-ki-az-oklevelek-atadasa-berlinben\/"},"modified":"2025-12-02T19:48:53","modified_gmt":"2025-12-02T18:48:53","slug":"a-szoevetsegi-gazdasagi-miniszterium-a-buechl-t-klimavedelmi-vallalatkent-tuenteti-ki-az-oklevelek-atadasa-berlinben","status":"publish","type":"news","link":"https:\/\/www.buechl-gruppe.de\/hu\/news\/a-szoevetsegi-gazdasagi-miniszterium-a-buechl-t-klimavedelmi-vallalatkent-tuenteti-ki-az-oklevelek-atadasa-berlinben\/","title":{"rendered":"A sz\u00f6vets\u00e9gi gazdas\u00e1gi miniszt\u00e9rium a B\u00dcCHL-t kl\u00edmav\u00e9delmi v\u00e1llalatk\u00e9nt t\u00fcnteti ki. Az oklevelek \u00e1tad\u00e1sa Berlinben."},"content":{"rendered":"\n<p>A B\u00dcCHL Csoportot a Sz\u00f6vets\u00e9gi Gazdas\u00e1gi Miniszt\u00e9rium hivatalosan is kl\u00edmav\u00e9delmi v\u00e1llalatk\u00e9nt ismerte el. <a href=\"https:\/\/www.buechl-gruppe.de\/wp-content\/uploads\/2024\/03\/Urkunde_Klimaschutz-Unternehmen-e.V._BUeCHL-Firmengruppe_PDF.pdf\" target=\"_blank\" rel=\"noreferrer noopener\"> Az oklev\u00e9l \u00e1tad\u00e1s\u00e1ra<br\/>2024 m\u00e1rcius 11-\u00e9n, h\u00e9tf\u0151n ker\u00fclt sor Berlinben.<\/a> <\/p>\n\n<p>A szigor\u00fa kiv\u00e1laszt\u00e1si folyamat v\u00e9g\u00e9n a 200 v\u00e1llalatb\u00f3l mind\u00f6ssze nyolc ker\u00fclt be a h\u00e1l\u00f3zatba \u00e9s r\u00e9szes\u00fclt a kit\u00fcntet\u00e9sben. Ezek a v\u00e1llalatok p\u00e9ldamutat\u00f3 er\u0151fesz\u00edt\u00e9seket tesznek az energia- \u00e9s er\u0151forr\u00e1s-hat\u00e9konys\u00e1g ter\u00fclet\u00e9n, \u00e9s ipar\u00e1guk \u00fatt\u00f6r\u0151jek\u00e9nt hozz\u00e1j\u00e1rulnak az \u00e9ghajlati c\u00e9lok el\u00e9r\u00e9s\u00e9hez. A nyolc v\u00e1llalatot a Klimaschutz-Unternehmen e. V. tan\u00e1csad\u00f3 test\u00fclete v\u00e1lasztotta ki egy t\u00f6bbl\u00e9pcs\u0151s elj\u00e1r\u00e1s sor\u00e1n. Az \u00c9ghajlatv\u00e9delmi V\u00e1llalkoz\u00e1sok Kiv\u00e1l\u00f3s\u00e1gi Kezdem\u00e9nyez\u00e9snek jelenleg \u00f6sszesen 69 tagja van.<\/p>\n\n<p>Dr. Reinhard Brandl Bundestag-k\u00e9pvisel\u0151 is jelen volt. Elk\u00eds\u00e9rte a B\u00dcCHL-csoport k\u00e9pvisel\u0151it a Sz\u00f6vets\u00e9gi Gazdas\u00e1gi Miniszt\u00e9riumba. Ez egy nagyszer\u0171 gesztus \u00e9s az ingolstadti v\u00e1laszt\u00f3ker\u00fclet\u00e9ben m\u0171k\u00f6d\u0151 k\u00f6z\u00e9pv\u00e1llalkoz\u00e1sok teljes\u00edtm\u00e9ny\u00e9nek elismer\u00e9se.<\/p>\n\n<p>Az esem\u00e9nyr\u0151l sz\u00f3l\u00f3 hivatalos sajt\u00f3k\u00f6zlem\u00e9ny itt olvashat\u00f3:<br\/><a href=\"https:\/\/www.klimaschutz-unternehmen.de\/aktuelles\/aktuelle-nachrichten\/artikel\/bundeswirtschaftsministerium-zeichnet-acht-neue-klimaschutz-unternehmen-aus\/?tx_news_pi1%5Bday%5D=11&amp;tx_news_pi1%5Bmonth%5D=3&amp;tx_news_pi1%5Byear%5D=2024&amp;cHash=cdb0673bca713d2a9614b9a19f4501d4\" target=\"_blank\" rel=\"noreferrer noopener\">https:\/\/www.klimaschutz-unternehmen.de\/aktuelles\/aktuelle-nachrichten\/artikel\/<\/a><br\/><a href=\"https:\/\/www.klimaschutz-unternehmen.de\/aktuelles\/aktuelle-nachrichten\/artikel\/bundeswirtschaftsministerium-zeichnet-acht-neue-klimaschutz-unternehmen-aus\/?tx_news_pi1%5Bday%5D=11&amp;tx_news_pi1%5Bmonth%5D=3&amp;tx_news_pi1%5Byear%5D=2024&amp;cHash=cdb0673bca713d2a9614b9a19f4501d4\" target=\"_blank\" rel=\"noreferrer noopener\">bundeswirtschaftsministerium-zeichnet-acht-neue-klimaschutz-unternehmen-aus\/tx_<\/a><br\/><a href=\"https:\/\/www.klimaschutz-unternehmen.de\/aktuelles\/aktuelle-nachrichten\/artikel\/bundeswirtschaftsministerium-zeichnet-acht-neue-klimaschutz-unternehmen-aus\/?tx_news_pi1%5Bday%5D=11&amp;tx_news_pi1%5Bmonth%5D=3&amp;tx_news_pi1%5Byear%5D=2024&amp;cHash=cdb0673bca713d2a9614b9a19f4501d4\" target=\"_blank\" rel=\"noreferrer noopener\">news_pi1%5Bday%5D=11&amp;tx_news_pi1%5Bmonth%5D=3&amp;tx_news_pi1%5Byear%5D<\/a><br\/> =2024&amp;cHash=cdb0673bca713d2a9614b9a19f4501d4<\/p>\n\n<p>K\u00e9pal\u00e1\u00edr\u00e1s: Balr\u00f3l jobbra: Dr. Reinhard Brandl Bundestag-k\u00e9pvisel\u0151, Mario Lodigiani (a Sz\u00f6vets\u00e9gi K\u00f6rnyezetv\u00e9delmi \u00e9s Fogyaszt\u00f3v\u00e9delmi Miniszt\u00e9rium K\u00f6rnyezetv\u00e9delmi Szak\u00e9rt\u0151i Bizotts\u00e1g\u00e1nak \u00fcgyvezet\u0151 igazgat\u00f3ja), Reinhard B\u00fcchl, Christian Maa\u00df (a Sz\u00f6vets\u00e9gi Gazdas\u00e1gi \u00e9s Kl\u00edmav\u00e9delmi Miniszt\u00e9rium H\u0151-, Hidrog\u00e9n- \u00e9s Hat\u00e9konys\u00e1gi F\u0151oszt\u00e1ly\u00e1nak vezet\u0151je), Iris B\u00fcchl, Prof. Reinhard B\u00fcchl, Dr. Michael Tretter, J\u00f6rg Schmidt (a Klimaschutz-Unternehmen igazgat\u00f3tan\u00e1cs\u00e1nak eln\u00f6ke).<\/p>\n\n<p>K\u00e9phiteles\u00edt\u00e9s: \u00a9Klimaschutz-Unternehmen e.V.<\/p>\n","protected":false},"featured_media":6091,"template":"","meta":{"wichtig":""},"veroffentlichen-auf":[25,27],"kategorie-news":[40,26,33,34,36,39],"class_list":["post-5591","news","type-news","status-publish","has-post-thumbnail","hentry","veroffentlichen-auf-buechl-entsorgung","veroffentlichen-auf-buechl-gruppe","kategorie-news-geschaeftsentwicklung","kategorie-news-innovativer-partner","kategorie-news-moderner-arbeitgeber","kategorie-news-nachhaltigkeit-klimaschutz","kategorie-news-ressourceneffizienz","kategorie-news-wichtig-fuer-kunden"],"yoast_head":"<!-- This site is optimized with the Yoast SEO plugin v27.3 - https:\/\/yoast.com\/product\/yoast-seo-wordpress\/ -->\n<title>A sz\u00f6vets\u00e9gi gazdas\u00e1gi miniszt\u00e9rium a B\u00dcCHL-t kl\u00edmav\u00e9delmi v\u00e1llalatk\u00e9nt t\u00fcnteti ki. Az oklevelek \u00e1tad\u00e1sa Berlinben. - B\u00fcchl Gruppe<\/title>\n<meta name=\"description\" content=\"A B\u00dcCHL-csoportot a Gazdas\u00e1gi Miniszt\u00e9rium hivatalosan is kl\u00edmav\u00e9delmi v\u00e1llalatk\u00e9nt ismerte el egy berlini \u00fcnnep\u00e9lyes cerem\u00f3nia keret\u00e9ben.\" \/>\n<meta name=\"robots\" content=\"index, follow, max-snippet:-1, max-image-preview:large, max-video-preview:-1\" \/>\n<link rel=\"canonical\" href=\"https:\/\/www.buechl-gruppe.de\/hu\/news\/a-szoevetsegi-gazdasagi-miniszterium-a-buechl-t-klimavedelmi-vallalatkent-tuenteti-ki-az-oklevelek-atadasa-berlinben\/\" \/>\n<meta property=\"og:locale\" content=\"hu_HU\" \/>\n<meta property=\"og:type\" content=\"article\" \/>\n<meta property=\"og:title\" content=\"A sz\u00f6vets\u00e9gi gazdas\u00e1gi miniszt\u00e9rium a B\u00dcCHL-t kl\u00edmav\u00e9delmi v\u00e1llalatk\u00e9nt t\u00fcnteti ki. Az oklevelek \u00e1tad\u00e1sa Berlinben. - B\u00fcchl Gruppe\" \/>\n<meta property=\"og:description\" content=\"A B\u00dcCHL-csoportot a Gazdas\u00e1gi Miniszt\u00e9rium hivatalosan is kl\u00edmav\u00e9delmi v\u00e1llalatk\u00e9nt ismerte el egy berlini \u00fcnnep\u00e9lyes cerem\u00f3nia keret\u00e9ben.\" \/>\n<meta property=\"og:url\" content=\"https:\/\/www.buechl-gruppe.de\/hu\/news\/a-szoevetsegi-gazdasagi-miniszterium-a-buechl-t-klimavedelmi-vallalatkent-tuenteti-ki-az-oklevelek-atadasa-berlinben\/\" \/>\n<meta property=\"og:site_name\" content=\"B\u00fcchl Gruppe\" \/>\n<meta property=\"article:modified_time\" content=\"2025-12-02T18:48:53+00:00\" \/>\n<meta property=\"og:image\" content=\"https:\/\/www.buechl-gruppe.de\/wp-content\/uploads\/2024\/03\/KSU-Urkundenverleihung-BMWK-11.3.2024_\u00a9Klimaschutz-Unternehmen-e.V._DSC_0222-scaled.jpg\" \/>\n\t<meta property=\"og:image:width\" content=\"2560\" \/>\n\t<meta property=\"og:image:height\" content=\"1707\" \/>\n\t<meta property=\"og:image:type\" content=\"image\/jpeg\" \/>\n<meta name=\"twitter:card\" content=\"summary_large_image\" \/>\n<meta name=\"twitter:label1\" content=\"Becs\u00fclt olvas\u00e1si id\u0151\" \/>\n\t<meta name=\"twitter:data1\" content=\"2 perc\" \/>\n<script type=\"application\/ld+json\" class=\"yoast-schema-graph\">{\"@context\":\"https:\\\/\\\/schema.org\",\"@graph\":[{\"@type\":\"WebPage\",\"@id\":\"https:\\\/\\\/www.buechl-gruppe.de\\\/hu\\\/news\\\/a-szoevetsegi-gazdasagi-miniszterium-a-buechl-t-klimavedelmi-vallalatkent-tuenteti-ki-az-oklevelek-atadasa-berlinben\\\/\",\"url\":\"https:\\\/\\\/www.buechl-gruppe.de\\\/hu\\\/news\\\/a-szoevetsegi-gazdasagi-miniszterium-a-buechl-t-klimavedelmi-vallalatkent-tuenteti-ki-az-oklevelek-atadasa-berlinben\\\/\",\"name\":\"A sz\u00f6vets\u00e9gi gazdas\u00e1gi miniszt\u00e9rium a B\u00dcCHL-t kl\u00edmav\u00e9delmi v\u00e1llalatk\u00e9nt t\u00fcnteti ki. Az oklevelek \u00e1tad\u00e1sa Berlinben. - B\u00fcchl Gruppe\",\"isPartOf\":{\"@id\":\"https:\\\/\\\/www.buechl-gruppe.de\\\/#website\"},\"primaryImageOfPage\":{\"@id\":\"https:\\\/\\\/www.buechl-gruppe.de\\\/hu\\\/news\\\/a-szoevetsegi-gazdasagi-miniszterium-a-buechl-t-klimavedelmi-vallalatkent-tuenteti-ki-az-oklevelek-atadasa-berlinben\\\/#primaryimage\"},\"image\":{\"@id\":\"https:\\\/\\\/www.buechl-gruppe.de\\\/hu\\\/news\\\/a-szoevetsegi-gazdasagi-miniszterium-a-buechl-t-klimavedelmi-vallalatkent-tuenteti-ki-az-oklevelek-atadasa-berlinben\\\/#primaryimage\"},\"thumbnailUrl\":\"https:\\\/\\\/www.buechl-gruppe.de\\\/wp-content\\\/uploads\\\/2024\\\/03\\\/KSU-Urkundenverleihung-BMWK-11.3.2024_\u00a9Klimaschutz-Unternehmen-e.V._DSC_0222-scaled.jpg\",\"datePublished\":\"2024-03-12T16:42:44+00:00\",\"dateModified\":\"2025-12-02T18:48:53+00:00\",\"description\":\"A B\u00dcCHL-csoportot a Gazdas\u00e1gi Miniszt\u00e9rium hivatalosan is kl\u00edmav\u00e9delmi v\u00e1llalatk\u00e9nt ismerte el egy berlini \u00fcnnep\u00e9lyes cerem\u00f3nia keret\u00e9ben.\",\"breadcrumb\":{\"@id\":\"https:\\\/\\\/www.buechl-gruppe.de\\\/hu\\\/news\\\/a-szoevetsegi-gazdasagi-miniszterium-a-buechl-t-klimavedelmi-vallalatkent-tuenteti-ki-az-oklevelek-atadasa-berlinben\\\/#breadcrumb\"},\"inLanguage\":\"hu\",\"potentialAction\":[{\"@type\":\"ReadAction\",\"target\":[\"https:\\\/\\\/www.buechl-gruppe.de\\\/hu\\\/news\\\/a-szoevetsegi-gazdasagi-miniszterium-a-buechl-t-klimavedelmi-vallalatkent-tuenteti-ki-az-oklevelek-atadasa-berlinben\\\/\"]}]},{\"@type\":\"ImageObject\",\"inLanguage\":\"hu\",\"@id\":\"https:\\\/\\\/www.buechl-gruppe.de\\\/hu\\\/news\\\/a-szoevetsegi-gazdasagi-miniszterium-a-buechl-t-klimavedelmi-vallalatkent-tuenteti-ki-az-oklevelek-atadasa-berlinben\\\/#primaryimage\",\"url\":\"https:\\\/\\\/www.buechl-gruppe.de\\\/wp-content\\\/uploads\\\/2024\\\/03\\\/KSU-Urkundenverleihung-BMWK-11.3.2024_\u00a9Klimaschutz-Unternehmen-e.V._DSC_0222-scaled.jpg\",\"contentUrl\":\"https:\\\/\\\/www.buechl-gruppe.de\\\/wp-content\\\/uploads\\\/2024\\\/03\\\/KSU-Urkundenverleihung-BMWK-11.3.2024_\u00a9Klimaschutz-Unternehmen-e.V._DSC_0222-scaled.jpg\",\"width\":2560,\"height\":1707,\"caption\":\"KSU-Urkundenverleihung an B\u00dcCHL im BMWK 11.3.2024_\u00a9Klimaschutz-Unternehmen e.V.\"},{\"@type\":\"BreadcrumbList\",\"@id\":\"https:\\\/\\\/www.buechl-gruppe.de\\\/hu\\\/news\\\/a-szoevetsegi-gazdasagi-miniszterium-a-buechl-t-klimavedelmi-vallalatkent-tuenteti-ki-az-oklevelek-atadasa-berlinben\\\/#breadcrumb\",\"itemListElement\":[{\"@type\":\"ListItem\",\"position\":1,\"name\":\"Startseite\",\"item\":\"https:\\\/\\\/www.buechl-gruppe.de\\\/\"},{\"@type\":\"ListItem\",\"position\":2,\"name\":\"News\",\"item\":\"https:\\\/\\\/www.buechl-gruppe.de\\\/news\\\/\"},{\"@type\":\"ListItem\",\"position\":3,\"name\":\"A sz\u00f6vets\u00e9gi gazdas\u00e1gi miniszt\u00e9rium a B\u00dcCHL-t kl\u00edmav\u00e9delmi v\u00e1llalatk\u00e9nt t\u00fcnteti ki. Az oklevelek \u00e1tad\u00e1sa Berlinben.\"}]},{\"@type\":\"WebSite\",\"@id\":\"https:\\\/\\\/www.buechl-gruppe.de\\\/#website\",\"url\":\"https:\\\/\\\/www.buechl-gruppe.de\\\/\",\"name\":\"B\u00fcchl Gruppe\",\"description\":\"\",\"publisher\":{\"@id\":\"https:\\\/\\\/www.buechl-gruppe.de\\\/#organization\"},\"potentialAction\":[{\"@type\":\"SearchAction\",\"target\":{\"@type\":\"EntryPoint\",\"urlTemplate\":\"https:\\\/\\\/www.buechl-gruppe.de\\\/?s={search_term_string}\"},\"query-input\":{\"@type\":\"PropertyValueSpecification\",\"valueRequired\":true,\"valueName\":\"search_term_string\"}}],\"inLanguage\":\"hu\"},{\"@type\":\"Organization\",\"@id\":\"https:\\\/\\\/www.buechl-gruppe.de\\\/#organization\",\"name\":\"B\u00fcchl Gruppe\",\"url\":\"https:\\\/\\\/www.buechl-gruppe.de\\\/\",\"logo\":{\"@type\":\"ImageObject\",\"inLanguage\":\"hu\",\"@id\":\"https:\\\/\\\/www.buechl-gruppe.de\\\/#\\\/schema\\\/logo\\\/image\\\/\",\"url\":\"https:\\\/\\\/www.buechl-gruppe.de\\\/wp-content\\\/uploads\\\/2024\\\/09\\\/Logos-4-1.png\",\"contentUrl\":\"https:\\\/\\\/www.buechl-gruppe.de\\\/wp-content\\\/uploads\\\/2024\\\/09\\\/Logos-4-1.png\",\"width\":300,\"height\":98,\"caption\":\"B\u00fcchl Gruppe\"},\"image\":{\"@id\":\"https:\\\/\\\/www.buechl-gruppe.de\\\/#\\\/schema\\\/logo\\\/image\\\/\"}}]}<\/script>\n<!-- \/ Yoast SEO plugin. -->","yoast_head_json":{"title":"A sz\u00f6vets\u00e9gi gazdas\u00e1gi miniszt\u00e9rium a B\u00dcCHL-t kl\u00edmav\u00e9delmi v\u00e1llalatk\u00e9nt t\u00fcnteti ki. Az oklevelek \u00e1tad\u00e1sa Berlinben. - B\u00fcchl Gruppe","description":"A B\u00dcCHL-csoportot a Gazdas\u00e1gi Miniszt\u00e9rium hivatalosan is kl\u00edmav\u00e9delmi v\u00e1llalatk\u00e9nt ismerte el egy berlini \u00fcnnep\u00e9lyes cerem\u00f3nia keret\u00e9ben.","robots":{"index":"index","follow":"follow","max-snippet":"max-snippet:-1","max-image-preview":"max-image-preview:large","max-video-preview":"max-video-preview:-1"},"canonical":"https:\/\/www.buechl-gruppe.de\/hu\/news\/a-szoevetsegi-gazdasagi-miniszterium-a-buechl-t-klimavedelmi-vallalatkent-tuenteti-ki-az-oklevelek-atadasa-berlinben\/","og_locale":"hu_HU","og_type":"article","og_title":"A sz\u00f6vets\u00e9gi gazdas\u00e1gi miniszt\u00e9rium a B\u00dcCHL-t kl\u00edmav\u00e9delmi v\u00e1llalatk\u00e9nt t\u00fcnteti ki. Az oklevelek \u00e1tad\u00e1sa Berlinben. - B\u00fcchl Gruppe","og_description":"A B\u00dcCHL-csoportot a Gazdas\u00e1gi Miniszt\u00e9rium hivatalosan is kl\u00edmav\u00e9delmi v\u00e1llalatk\u00e9nt ismerte el egy berlini \u00fcnnep\u00e9lyes cerem\u00f3nia keret\u00e9ben.","og_url":"https:\/\/www.buechl-gruppe.de\/hu\/news\/a-szoevetsegi-gazdasagi-miniszterium-a-buechl-t-klimavedelmi-vallalatkent-tuenteti-ki-az-oklevelek-atadasa-berlinben\/","og_site_name":"B\u00fcchl Gruppe","article_modified_time":"2025-12-02T18:48:53+00:00","og_image":[{"width":2560,"height":1707,"url":"https:\/\/www.buechl-gruppe.de\/wp-content\/uploads\/2024\/03\/KSU-Urkundenverleihung-BMWK-11.3.2024_\u00a9Klimaschutz-Unternehmen-e.V._DSC_0222-scaled.jpg","type":"image\/jpeg"}],"twitter_card":"summary_large_image","twitter_misc":{"Becs\u00fclt olvas\u00e1si id\u0151":"2 perc"},"schema":{"@context":"https:\/\/schema.org","@graph":[{"@type":"WebPage","@id":"https:\/\/www.buechl-gruppe.de\/hu\/news\/a-szoevetsegi-gazdasagi-miniszterium-a-buechl-t-klimavedelmi-vallalatkent-tuenteti-ki-az-oklevelek-atadasa-berlinben\/","url":"https:\/\/www.buechl-gruppe.de\/hu\/news\/a-szoevetsegi-gazdasagi-miniszterium-a-buechl-t-klimavedelmi-vallalatkent-tuenteti-ki-az-oklevelek-atadasa-berlinben\/","name":"A sz\u00f6vets\u00e9gi gazdas\u00e1gi miniszt\u00e9rium a B\u00dcCHL-t kl\u00edmav\u00e9delmi v\u00e1llalatk\u00e9nt t\u00fcnteti ki. Az oklevelek \u00e1tad\u00e1sa Berlinben. - B\u00fcchl Gruppe","isPartOf":{"@id":"https:\/\/www.buechl-gruppe.de\/#website"},"primaryImageOfPage":{"@id":"https:\/\/www.buechl-gruppe.de\/hu\/news\/a-szoevetsegi-gazdasagi-miniszterium-a-buechl-t-klimavedelmi-vallalatkent-tuenteti-ki-az-oklevelek-atadasa-berlinben\/#primaryimage"},"image":{"@id":"https:\/\/www.buechl-gruppe.de\/hu\/news\/a-szoevetsegi-gazdasagi-miniszterium-a-buechl-t-klimavedelmi-vallalatkent-tuenteti-ki-az-oklevelek-atadasa-berlinben\/#primaryimage"},"thumbnailUrl":"https:\/\/www.buechl-gruppe.de\/wp-content\/uploads\/2024\/03\/KSU-Urkundenverleihung-BMWK-11.3.2024_\u00a9Klimaschutz-Unternehmen-e.V._DSC_0222-scaled.jpg","datePublished":"2024-03-12T16:42:44+00:00","dateModified":"2025-12-02T18:48:53+00:00","description":"A B\u00dcCHL-csoportot a Gazdas\u00e1gi Miniszt\u00e9rium hivatalosan is kl\u00edmav\u00e9delmi v\u00e1llalatk\u00e9nt ismerte el egy berlini \u00fcnnep\u00e9lyes cerem\u00f3nia keret\u00e9ben.","breadcrumb":{"@id":"https:\/\/www.buechl-gruppe.de\/hu\/news\/a-szoevetsegi-gazdasagi-miniszterium-a-buechl-t-klimavedelmi-vallalatkent-tuenteti-ki-az-oklevelek-atadasa-berlinben\/#breadcrumb"},"inLanguage":"hu","potentialAction":[{"@type":"ReadAction","target":["https:\/\/www.buechl-gruppe.de\/hu\/news\/a-szoevetsegi-gazdasagi-miniszterium-a-buechl-t-klimavedelmi-vallalatkent-tuenteti-ki-az-oklevelek-atadasa-berlinben\/"]}]},{"@type":"ImageObject","inLanguage":"hu","@id":"https:\/\/www.buechl-gruppe.de\/hu\/news\/a-szoevetsegi-gazdasagi-miniszterium-a-buechl-t-klimavedelmi-vallalatkent-tuenteti-ki-az-oklevelek-atadasa-berlinben\/#primaryimage","url":"https:\/\/www.buechl-gruppe.de\/wp-content\/uploads\/2024\/03\/KSU-Urkundenverleihung-BMWK-11.3.2024_\u00a9Klimaschutz-Unternehmen-e.V._DSC_0222-scaled.jpg","contentUrl":"https:\/\/www.buechl-gruppe.de\/wp-content\/uploads\/2024\/03\/KSU-Urkundenverleihung-BMWK-11.3.2024_\u00a9Klimaschutz-Unternehmen-e.V._DSC_0222-scaled.jpg","width":2560,"height":1707,"caption":"KSU-Urkundenverleihung an B\u00dcCHL im BMWK 11.3.2024_\u00a9Klimaschutz-Unternehmen e.V."},{"@type":"BreadcrumbList","@id":"https:\/\/www.buechl-gruppe.de\/hu\/news\/a-szoevetsegi-gazdasagi-miniszterium-a-buechl-t-klimavedelmi-vallalatkent-tuenteti-ki-az-oklevelek-atadasa-berlinben\/#breadcrumb","itemListElement":[{"@type":"ListItem","position":1,"name":"Startseite","item":"https:\/\/www.buechl-gruppe.de\/"},{"@type":"ListItem","position":2,"name":"News","item":"https:\/\/www.buechl-gruppe.de\/news\/"},{"@type":"ListItem","position":3,"name":"A sz\u00f6vets\u00e9gi gazdas\u00e1gi miniszt\u00e9rium a B\u00dcCHL-t kl\u00edmav\u00e9delmi v\u00e1llalatk\u00e9nt t\u00fcnteti ki. Az oklevelek \u00e1tad\u00e1sa Berlinben."}]},{"@type":"WebSite","@id":"https:\/\/www.buechl-gruppe.de\/#website","url":"https:\/\/www.buechl-gruppe.de\/","name":"B\u00fcchl Gruppe","description":"","publisher":{"@id":"https:\/\/www.buechl-gruppe.de\/#organization"},"potentialAction":[{"@type":"SearchAction","target":{"@type":"EntryPoint","urlTemplate":"https:\/\/www.buechl-gruppe.de\/?s={search_term_string}"},"query-input":{"@type":"PropertyValueSpecification","valueRequired":true,"valueName":"search_term_string"}}],"inLanguage":"hu"},{"@type":"Organization","@id":"https:\/\/www.buechl-gruppe.de\/#organization","name":"B\u00fcchl Gruppe","url":"https:\/\/www.buechl-gruppe.de\/","logo":{"@type":"ImageObject","inLanguage":"hu","@id":"https:\/\/www.buechl-gruppe.de\/#\/schema\/logo\/image\/","url":"https:\/\/www.buechl-gruppe.de\/wp-content\/uploads\/2024\/09\/Logos-4-1.png","contentUrl":"https:\/\/www.buechl-gruppe.de\/wp-content\/uploads\/2024\/09\/Logos-4-1.png","width":300,"height":98,"caption":"B\u00fcchl Gruppe"},"image":{"@id":"https:\/\/www.buechl-gruppe.de\/#\/schema\/logo\/image\/"}}]}},"_links":{"self":[{"href":"https:\/\/www.buechl-gruppe.de\/hu\/wp-json\/wp\/v2\/news\/5591","targetHints":{"allow":["GET"]}}],"collection":[{"href":"https:\/\/www.buechl-gruppe.de\/hu\/wp-json\/wp\/v2\/news"}],"about":[{"href":"https:\/\/www.buechl-gruppe.de\/hu\/wp-json\/wp\/v2\/types\/news"}],"wp:featuredmedia":[{"embeddable":true,"href":"https:\/\/www.buechl-gruppe.de\/hu\/wp-json\/wp\/v2\/media\/6091"}],"wp:attachment":[{"href":"https:\/\/www.buechl-gruppe.de\/hu\/wp-json\/wp\/v2\/media?parent=5591"}],"wp:term":[{"taxonomy":"veroffentlichen-auf","embeddable":true,"href":"https:\/\/www.buechl-gruppe.de\/hu\/wp-json\/wp\/v2\/veroffentlichen-auf?post=5591"},{"taxonomy":"kategorie-news","embeddable":true,"href":"https:\/\/www.buechl-gruppe.de\/hu\/wp-json\/wp\/v2\/kategorie-news?post=5591"}],"curies":[{"name":"wp","href":"https:\/\/api.w.org\/{rel}","templated":true}]}}