{"id":5589,"date":"2024-03-26T10:18:00","date_gmt":"2024-03-26T09:18:00","guid":{"rendered":"https:\/\/www.buechl-gruppe.de\/news\/a-buechl-5000-eurot-adomanyoz-az-erc-ingolstadt-ifjusagi-programjanak-uj-rekordoesszeg-a-poharadomanyozasi-kampanynak-koeszoenhetoen\/"},"modified":"2025-12-02T19:48:06","modified_gmt":"2025-12-02T18:48:06","slug":"a-buechl-5000-eurot-adomanyoz-az-erc-ingolstadt-ifjusagi-programjanak-uj-rekordoesszeg-a-poharadomanyozasi-kampanynak-koeszoenhetoen","status":"publish","type":"news","link":"https:\/\/www.buechl-gruppe.de\/hu\/news\/a-buechl-5000-eurot-adomanyoz-az-erc-ingolstadt-ifjusagi-programjanak-uj-rekordoesszeg-a-poharadomanyozasi-kampanynak-koeszoenhetoen\/","title":{"rendered":"A B\u00dcCHL 5000 eur\u00f3t adom\u00e1nyoz az ERC Ingolstadt ifj\u00fas\u00e1gi programj\u00e1nak. \u00daj rekord\u00f6sszeg a poh\u00e1radom\u00e1nyoz\u00e1si kamp\u00e1nynak k\u00f6sz\u00f6nhet\u0151en!"},"content":{"rendered":"\n<p>\u00dajabb rekord\u00f6sszeg az ERC Ingolstadt fiatal tehets\u00e9g\u00e9nek! Az ERC Ingolstadt hazai m\u00e9rk\u0151z\u00e9seire a SATURN Ar\u00e9n\u00e1ban \u00e1tlagosan 4200 n\u00e9z\u0151nek k\u00f6sz\u00f6nhet\u0151en a P\u00e1rducok fiataljai a kupad\u00edjak hossz\u00fa t\u00f6rt\u00e9net\u00e9ben valaha \u00f6sszegy\u0171jt\u00f6tt legmagasabb adom\u00e1ny\u00f6sszegnek \u00f6r\u00fclhettek. \u00d6sszesen 15 000 eur\u00f3. Ebb\u0151l 5 000 eur\u00f3 a B\u00dcCHL-t\u0151l sz\u00e1rmazik.<\/p>\n\n<p>&#8222;Szeretn\u00e9nk k\u00f6sz\u00f6netet mondani minden adom\u00e1nyoz\u00f3nak \u00e9s a B\u00dcCHL v\u00e1llalatnak ez\u00e9rt a nagyszer\u0171 eredm\u00e9ny\u00e9rt \u00e9s az ifj\u00fas\u00e1gi csapataink ir\u00e1nti nagyszer\u0171 elk\u00f6telezetts\u00e9g\u00e9rt&#8221; &#8211; mondta Claus Liedy, az ERC \u00fcgyvezet\u0151 igazgat\u00f3ja.<\/p>\n\n<p>A poh\u00e1radom\u00e1nyoz\u00e1si kamp\u00e1ny a B\u00dcCHL \u00f6tlete alapj\u00e1n j\u00f6tt l\u00e9tre. Sok \u00e9vvel ezel\u0151tt a stadionban erre a c\u00e9lra k\u00fcl\u00f6n kupavisszav\u00e9teli \u00e1llom\u00e1sokat \u00e1ll\u00edtottak fel.<\/p>\n\n<p>A k\u00e9p kreditpontjai: \u00a9Johannes Traub\/JT-Presse.de<\/p>\n","protected":false},"featured_media":6090,"template":"","meta":{"wichtig":""},"veroffentlichen-auf":[25,27],"kategorie-news":[26,24],"class_list":["post-5589","news","type-news","status-publish","has-post-thumbnail","hentry","veroffentlichen-auf-buechl-entsorgung","veroffentlichen-auf-buechl-gruppe","kategorie-news-innovativer-partner","kategorie-news-soziales"],"yoast_head":"<!-- This site is optimized with the Yoast SEO plugin v27.3 - https:\/\/yoast.com\/product\/yoast-seo-wordpress\/ -->\n<title>A B\u00dcCHL 5000 eur\u00f3t adom\u00e1nyoz az ERC Ingolstadt ifj\u00fas\u00e1gi programj\u00e1nak. \u00daj rekord\u00f6sszeg a poh\u00e1radom\u00e1nyoz\u00e1si kamp\u00e1nynak k\u00f6sz\u00f6nhet\u0151en! - B\u00fcchl Gruppe<\/title>\n<meta name=\"description\" content=\"\u00dajabb rekord\u00f6sszeg a kupad\u00edj adom\u00e1nyoz\u00e1si akci\u00f3 r\u00e9v\u00e9n az ERC Ingolstadt junior csapat\u00e1nak! \u00d6sszesen 15 000 eur\u00f3. Ebb\u0151l 5 000 eur\u00f3 a B\u00dcCHL-t\u0151l sz\u00e1rmazik.\" \/>\n<meta name=\"robots\" content=\"index, follow, max-snippet:-1, max-image-preview:large, max-video-preview:-1\" \/>\n<link rel=\"canonical\" href=\"https:\/\/www.buechl-gruppe.de\/hu\/news\/a-buechl-5000-eurot-adomanyoz-az-erc-ingolstadt-ifjusagi-programjanak-uj-rekordoesszeg-a-poharadomanyozasi-kampanynak-koeszoenhetoen\/\" \/>\n<meta property=\"og:locale\" content=\"hu_HU\" \/>\n<meta property=\"og:type\" content=\"article\" \/>\n<meta property=\"og:title\" content=\"A B\u00dcCHL 5000 eur\u00f3t adom\u00e1nyoz az ERC Ingolstadt ifj\u00fas\u00e1gi programj\u00e1nak. \u00daj rekord\u00f6sszeg a poh\u00e1radom\u00e1nyoz\u00e1si kamp\u00e1nynak k\u00f6sz\u00f6nhet\u0151en! - B\u00fcchl Gruppe\" \/>\n<meta property=\"og:description\" content=\"\u00dajabb rekord\u00f6sszeg a kupad\u00edj adom\u00e1nyoz\u00e1si akci\u00f3 r\u00e9v\u00e9n az ERC Ingolstadt junior csapat\u00e1nak! \u00d6sszesen 15 000 eur\u00f3. Ebb\u0151l 5 000 eur\u00f3 a B\u00dcCHL-t\u0151l sz\u00e1rmazik.\" \/>\n<meta property=\"og:url\" content=\"https:\/\/www.buechl-gruppe.de\/hu\/news\/a-buechl-5000-eurot-adomanyoz-az-erc-ingolstadt-ifjusagi-programjanak-uj-rekordoesszeg-a-poharadomanyozasi-kampanynak-koeszoenhetoen\/\" \/>\n<meta property=\"og:site_name\" content=\"B\u00fcchl Gruppe\" \/>\n<meta property=\"article:modified_time\" content=\"2025-12-02T18:48:06+00:00\" \/>\n<meta property=\"og:image\" content=\"https:\/\/www.buechl-gruppe.de\/wp-content\/uploads\/2024\/03\/Spendenuebergabe-BUeCHL_Becherspende-ERCI-Jugend_\u00a9-Johannes-Traub-JT-Presse-scaled.jpg\" \/>\n\t<meta property=\"og:image:width\" content=\"2560\" \/>\n\t<meta property=\"og:image:height\" content=\"1707\" \/>\n\t<meta property=\"og:image:type\" content=\"image\/jpeg\" \/>\n<meta name=\"twitter:card\" content=\"summary_large_image\" \/>\n<meta name=\"twitter:label1\" content=\"Becs\u00fclt olvas\u00e1si id\u0151\" \/>\n\t<meta name=\"twitter:data1\" content=\"1 perc\" \/>\n<script type=\"application\/ld+json\" class=\"yoast-schema-graph\">{\"@context\":\"https:\\\/\\\/schema.org\",\"@graph\":[{\"@type\":\"WebPage\",\"@id\":\"https:\\\/\\\/www.buechl-gruppe.de\\\/hu\\\/news\\\/a-buechl-5000-eurot-adomanyoz-az-erc-ingolstadt-ifjusagi-programjanak-uj-rekordoesszeg-a-poharadomanyozasi-kampanynak-koeszoenhetoen\\\/\",\"url\":\"https:\\\/\\\/www.buechl-gruppe.de\\\/hu\\\/news\\\/a-buechl-5000-eurot-adomanyoz-az-erc-ingolstadt-ifjusagi-programjanak-uj-rekordoesszeg-a-poharadomanyozasi-kampanynak-koeszoenhetoen\\\/\",\"name\":\"A B\u00dcCHL 5000 eur\u00f3t adom\u00e1nyoz az ERC Ingolstadt ifj\u00fas\u00e1gi programj\u00e1nak. \u00daj rekord\u00f6sszeg a poh\u00e1radom\u00e1nyoz\u00e1si kamp\u00e1nynak k\u00f6sz\u00f6nhet\u0151en! - B\u00fcchl Gruppe\",\"isPartOf\":{\"@id\":\"https:\\\/\\\/www.buechl-gruppe.de\\\/#website\"},\"primaryImageOfPage\":{\"@id\":\"https:\\\/\\\/www.buechl-gruppe.de\\\/hu\\\/news\\\/a-buechl-5000-eurot-adomanyoz-az-erc-ingolstadt-ifjusagi-programjanak-uj-rekordoesszeg-a-poharadomanyozasi-kampanynak-koeszoenhetoen\\\/#primaryimage\"},\"image\":{\"@id\":\"https:\\\/\\\/www.buechl-gruppe.de\\\/hu\\\/news\\\/a-buechl-5000-eurot-adomanyoz-az-erc-ingolstadt-ifjusagi-programjanak-uj-rekordoesszeg-a-poharadomanyozasi-kampanynak-koeszoenhetoen\\\/#primaryimage\"},\"thumbnailUrl\":\"https:\\\/\\\/www.buechl-gruppe.de\\\/wp-content\\\/uploads\\\/2024\\\/03\\\/Spendenuebergabe-BUeCHL_Becherspende-ERCI-Jugend_\u00a9-Johannes-Traub-JT-Presse-scaled.jpg\",\"datePublished\":\"2024-03-26T09:18:00+00:00\",\"dateModified\":\"2025-12-02T18:48:06+00:00\",\"description\":\"\u00dajabb rekord\u00f6sszeg a kupad\u00edj adom\u00e1nyoz\u00e1si akci\u00f3 r\u00e9v\u00e9n az ERC Ingolstadt junior csapat\u00e1nak! \u00d6sszesen 15 000 eur\u00f3. Ebb\u0151l 5 000 eur\u00f3 a B\u00dcCHL-t\u0151l sz\u00e1rmazik.\",\"breadcrumb\":{\"@id\":\"https:\\\/\\\/www.buechl-gruppe.de\\\/hu\\\/news\\\/a-buechl-5000-eurot-adomanyoz-az-erc-ingolstadt-ifjusagi-programjanak-uj-rekordoesszeg-a-poharadomanyozasi-kampanynak-koeszoenhetoen\\\/#breadcrumb\"},\"inLanguage\":\"hu\",\"potentialAction\":[{\"@type\":\"ReadAction\",\"target\":[\"https:\\\/\\\/www.buechl-gruppe.de\\\/hu\\\/news\\\/a-buechl-5000-eurot-adomanyoz-az-erc-ingolstadt-ifjusagi-programjanak-uj-rekordoesszeg-a-poharadomanyozasi-kampanynak-koeszoenhetoen\\\/\"]}]},{\"@type\":\"ImageObject\",\"inLanguage\":\"hu\",\"@id\":\"https:\\\/\\\/www.buechl-gruppe.de\\\/hu\\\/news\\\/a-buechl-5000-eurot-adomanyoz-az-erc-ingolstadt-ifjusagi-programjanak-uj-rekordoesszeg-a-poharadomanyozasi-kampanynak-koeszoenhetoen\\\/#primaryimage\",\"url\":\"https:\\\/\\\/www.buechl-gruppe.de\\\/wp-content\\\/uploads\\\/2024\\\/03\\\/Spendenuebergabe-BUeCHL_Becherspende-ERCI-Jugend_\u00a9-Johannes-Traub-JT-Presse-scaled.jpg\",\"contentUrl\":\"https:\\\/\\\/www.buechl-gruppe.de\\\/wp-content\\\/uploads\\\/2024\\\/03\\\/Spendenuebergabe-BUeCHL_Becherspende-ERCI-Jugend_\u00a9-Johannes-Traub-JT-Presse-scaled.jpg\",\"width\":2560,\"height\":1707,\"caption\":\"Spenden\u00fcbergabe ERC-Fans u B\u00dcCHL an Nachwuchs ERC Ingolstadt_Becherspende_\u00a9Johannes Traub\\\/JT-Presse.de\"},{\"@type\":\"BreadcrumbList\",\"@id\":\"https:\\\/\\\/www.buechl-gruppe.de\\\/hu\\\/news\\\/a-buechl-5000-eurot-adomanyoz-az-erc-ingolstadt-ifjusagi-programjanak-uj-rekordoesszeg-a-poharadomanyozasi-kampanynak-koeszoenhetoen\\\/#breadcrumb\",\"itemListElement\":[{\"@type\":\"ListItem\",\"position\":1,\"name\":\"Startseite\",\"item\":\"https:\\\/\\\/www.buechl-gruppe.de\\\/\"},{\"@type\":\"ListItem\",\"position\":2,\"name\":\"News\",\"item\":\"https:\\\/\\\/www.buechl-gruppe.de\\\/news\\\/\"},{\"@type\":\"ListItem\",\"position\":3,\"name\":\"A B\u00dcCHL 5000 eur\u00f3t adom\u00e1nyoz az ERC Ingolstadt ifj\u00fas\u00e1gi programj\u00e1nak. \u00daj rekord\u00f6sszeg a poh\u00e1radom\u00e1nyoz\u00e1si kamp\u00e1nynak k\u00f6sz\u00f6nhet\u0151en!\"}]},{\"@type\":\"WebSite\",\"@id\":\"https:\\\/\\\/www.buechl-gruppe.de\\\/#website\",\"url\":\"https:\\\/\\\/www.buechl-gruppe.de\\\/\",\"name\":\"B\u00fcchl Gruppe\",\"description\":\"\",\"publisher\":{\"@id\":\"https:\\\/\\\/www.buechl-gruppe.de\\\/#organization\"},\"potentialAction\":[{\"@type\":\"SearchAction\",\"target\":{\"@type\":\"EntryPoint\",\"urlTemplate\":\"https:\\\/\\\/www.buechl-gruppe.de\\\/?s={search_term_string}\"},\"query-input\":{\"@type\":\"PropertyValueSpecification\",\"valueRequired\":true,\"valueName\":\"search_term_string\"}}],\"inLanguage\":\"hu\"},{\"@type\":\"Organization\",\"@id\":\"https:\\\/\\\/www.buechl-gruppe.de\\\/#organization\",\"name\":\"B\u00fcchl Gruppe\",\"url\":\"https:\\\/\\\/www.buechl-gruppe.de\\\/\",\"logo\":{\"@type\":\"ImageObject\",\"inLanguage\":\"hu\",\"@id\":\"https:\\\/\\\/www.buechl-gruppe.de\\\/#\\\/schema\\\/logo\\\/image\\\/\",\"url\":\"https:\\\/\\\/www.buechl-gruppe.de\\\/wp-content\\\/uploads\\\/2024\\\/09\\\/Logos-4-1.png\",\"contentUrl\":\"https:\\\/\\\/www.buechl-gruppe.de\\\/wp-content\\\/uploads\\\/2024\\\/09\\\/Logos-4-1.png\",\"width\":300,\"height\":98,\"caption\":\"B\u00fcchl Gruppe\"},\"image\":{\"@id\":\"https:\\\/\\\/www.buechl-gruppe.de\\\/#\\\/schema\\\/logo\\\/image\\\/\"}}]}<\/script>\n<!-- \/ Yoast SEO plugin. -->","yoast_head_json":{"title":"A B\u00dcCHL 5000 eur\u00f3t adom\u00e1nyoz az ERC Ingolstadt ifj\u00fas\u00e1gi programj\u00e1nak. \u00daj rekord\u00f6sszeg a poh\u00e1radom\u00e1nyoz\u00e1si kamp\u00e1nynak k\u00f6sz\u00f6nhet\u0151en! - B\u00fcchl Gruppe","description":"\u00dajabb rekord\u00f6sszeg a kupad\u00edj adom\u00e1nyoz\u00e1si akci\u00f3 r\u00e9v\u00e9n az ERC Ingolstadt junior csapat\u00e1nak! \u00d6sszesen 15 000 eur\u00f3. Ebb\u0151l 5 000 eur\u00f3 a B\u00dcCHL-t\u0151l sz\u00e1rmazik.","robots":{"index":"index","follow":"follow","max-snippet":"max-snippet:-1","max-image-preview":"max-image-preview:large","max-video-preview":"max-video-preview:-1"},"canonical":"https:\/\/www.buechl-gruppe.de\/hu\/news\/a-buechl-5000-eurot-adomanyoz-az-erc-ingolstadt-ifjusagi-programjanak-uj-rekordoesszeg-a-poharadomanyozasi-kampanynak-koeszoenhetoen\/","og_locale":"hu_HU","og_type":"article","og_title":"A B\u00dcCHL 5000 eur\u00f3t adom\u00e1nyoz az ERC Ingolstadt ifj\u00fas\u00e1gi programj\u00e1nak. \u00daj rekord\u00f6sszeg a poh\u00e1radom\u00e1nyoz\u00e1si kamp\u00e1nynak k\u00f6sz\u00f6nhet\u0151en! - B\u00fcchl Gruppe","og_description":"\u00dajabb rekord\u00f6sszeg a kupad\u00edj adom\u00e1nyoz\u00e1si akci\u00f3 r\u00e9v\u00e9n az ERC Ingolstadt junior csapat\u00e1nak! \u00d6sszesen 15 000 eur\u00f3. Ebb\u0151l 5 000 eur\u00f3 a B\u00dcCHL-t\u0151l sz\u00e1rmazik.","og_url":"https:\/\/www.buechl-gruppe.de\/hu\/news\/a-buechl-5000-eurot-adomanyoz-az-erc-ingolstadt-ifjusagi-programjanak-uj-rekordoesszeg-a-poharadomanyozasi-kampanynak-koeszoenhetoen\/","og_site_name":"B\u00fcchl Gruppe","article_modified_time":"2025-12-02T18:48:06+00:00","og_image":[{"width":2560,"height":1707,"url":"https:\/\/www.buechl-gruppe.de\/wp-content\/uploads\/2024\/03\/Spendenuebergabe-BUeCHL_Becherspende-ERCI-Jugend_\u00a9-Johannes-Traub-JT-Presse-scaled.jpg","type":"image\/jpeg"}],"twitter_card":"summary_large_image","twitter_misc":{"Becs\u00fclt olvas\u00e1si id\u0151":"1 perc"},"schema":{"@context":"https:\/\/schema.org","@graph":[{"@type":"WebPage","@id":"https:\/\/www.buechl-gruppe.de\/hu\/news\/a-buechl-5000-eurot-adomanyoz-az-erc-ingolstadt-ifjusagi-programjanak-uj-rekordoesszeg-a-poharadomanyozasi-kampanynak-koeszoenhetoen\/","url":"https:\/\/www.buechl-gruppe.de\/hu\/news\/a-buechl-5000-eurot-adomanyoz-az-erc-ingolstadt-ifjusagi-programjanak-uj-rekordoesszeg-a-poharadomanyozasi-kampanynak-koeszoenhetoen\/","name":"A B\u00dcCHL 5000 eur\u00f3t adom\u00e1nyoz az ERC Ingolstadt ifj\u00fas\u00e1gi programj\u00e1nak. \u00daj rekord\u00f6sszeg a poh\u00e1radom\u00e1nyoz\u00e1si kamp\u00e1nynak k\u00f6sz\u00f6nhet\u0151en! - B\u00fcchl Gruppe","isPartOf":{"@id":"https:\/\/www.buechl-gruppe.de\/#website"},"primaryImageOfPage":{"@id":"https:\/\/www.buechl-gruppe.de\/hu\/news\/a-buechl-5000-eurot-adomanyoz-az-erc-ingolstadt-ifjusagi-programjanak-uj-rekordoesszeg-a-poharadomanyozasi-kampanynak-koeszoenhetoen\/#primaryimage"},"image":{"@id":"https:\/\/www.buechl-gruppe.de\/hu\/news\/a-buechl-5000-eurot-adomanyoz-az-erc-ingolstadt-ifjusagi-programjanak-uj-rekordoesszeg-a-poharadomanyozasi-kampanynak-koeszoenhetoen\/#primaryimage"},"thumbnailUrl":"https:\/\/www.buechl-gruppe.de\/wp-content\/uploads\/2024\/03\/Spendenuebergabe-BUeCHL_Becherspende-ERCI-Jugend_\u00a9-Johannes-Traub-JT-Presse-scaled.jpg","datePublished":"2024-03-26T09:18:00+00:00","dateModified":"2025-12-02T18:48:06+00:00","description":"\u00dajabb rekord\u00f6sszeg a kupad\u00edj adom\u00e1nyoz\u00e1si akci\u00f3 r\u00e9v\u00e9n az ERC Ingolstadt junior csapat\u00e1nak! \u00d6sszesen 15 000 eur\u00f3. Ebb\u0151l 5 000 eur\u00f3 a B\u00dcCHL-t\u0151l sz\u00e1rmazik.","breadcrumb":{"@id":"https:\/\/www.buechl-gruppe.de\/hu\/news\/a-buechl-5000-eurot-adomanyoz-az-erc-ingolstadt-ifjusagi-programjanak-uj-rekordoesszeg-a-poharadomanyozasi-kampanynak-koeszoenhetoen\/#breadcrumb"},"inLanguage":"hu","potentialAction":[{"@type":"ReadAction","target":["https:\/\/www.buechl-gruppe.de\/hu\/news\/a-buechl-5000-eurot-adomanyoz-az-erc-ingolstadt-ifjusagi-programjanak-uj-rekordoesszeg-a-poharadomanyozasi-kampanynak-koeszoenhetoen\/"]}]},{"@type":"ImageObject","inLanguage":"hu","@id":"https:\/\/www.buechl-gruppe.de\/hu\/news\/a-buechl-5000-eurot-adomanyoz-az-erc-ingolstadt-ifjusagi-programjanak-uj-rekordoesszeg-a-poharadomanyozasi-kampanynak-koeszoenhetoen\/#primaryimage","url":"https:\/\/www.buechl-gruppe.de\/wp-content\/uploads\/2024\/03\/Spendenuebergabe-BUeCHL_Becherspende-ERCI-Jugend_\u00a9-Johannes-Traub-JT-Presse-scaled.jpg","contentUrl":"https:\/\/www.buechl-gruppe.de\/wp-content\/uploads\/2024\/03\/Spendenuebergabe-BUeCHL_Becherspende-ERCI-Jugend_\u00a9-Johannes-Traub-JT-Presse-scaled.jpg","width":2560,"height":1707,"caption":"Spenden\u00fcbergabe ERC-Fans u B\u00dcCHL an Nachwuchs ERC Ingolstadt_Becherspende_\u00a9Johannes Traub\/JT-Presse.de"},{"@type":"BreadcrumbList","@id":"https:\/\/www.buechl-gruppe.de\/hu\/news\/a-buechl-5000-eurot-adomanyoz-az-erc-ingolstadt-ifjusagi-programjanak-uj-rekordoesszeg-a-poharadomanyozasi-kampanynak-koeszoenhetoen\/#breadcrumb","itemListElement":[{"@type":"ListItem","position":1,"name":"Startseite","item":"https:\/\/www.buechl-gruppe.de\/"},{"@type":"ListItem","position":2,"name":"News","item":"https:\/\/www.buechl-gruppe.de\/news\/"},{"@type":"ListItem","position":3,"name":"A B\u00dcCHL 5000 eur\u00f3t adom\u00e1nyoz az ERC Ingolstadt ifj\u00fas\u00e1gi programj\u00e1nak. \u00daj rekord\u00f6sszeg a poh\u00e1radom\u00e1nyoz\u00e1si kamp\u00e1nynak k\u00f6sz\u00f6nhet\u0151en!"}]},{"@type":"WebSite","@id":"https:\/\/www.buechl-gruppe.de\/#website","url":"https:\/\/www.buechl-gruppe.de\/","name":"B\u00fcchl Gruppe","description":"","publisher":{"@id":"https:\/\/www.buechl-gruppe.de\/#organization"},"potentialAction":[{"@type":"SearchAction","target":{"@type":"EntryPoint","urlTemplate":"https:\/\/www.buechl-gruppe.de\/?s={search_term_string}"},"query-input":{"@type":"PropertyValueSpecification","valueRequired":true,"valueName":"search_term_string"}}],"inLanguage":"hu"},{"@type":"Organization","@id":"https:\/\/www.buechl-gruppe.de\/#organization","name":"B\u00fcchl Gruppe","url":"https:\/\/www.buechl-gruppe.de\/","logo":{"@type":"ImageObject","inLanguage":"hu","@id":"https:\/\/www.buechl-gruppe.de\/#\/schema\/logo\/image\/","url":"https:\/\/www.buechl-gruppe.de\/wp-content\/uploads\/2024\/09\/Logos-4-1.png","contentUrl":"https:\/\/www.buechl-gruppe.de\/wp-content\/uploads\/2024\/09\/Logos-4-1.png","width":300,"height":98,"caption":"B\u00fcchl Gruppe"},"image":{"@id":"https:\/\/www.buechl-gruppe.de\/#\/schema\/logo\/image\/"}}]}},"_links":{"self":[{"href":"https:\/\/www.buechl-gruppe.de\/hu\/wp-json\/wp\/v2\/news\/5589","targetHints":{"allow":["GET"]}}],"collection":[{"href":"https:\/\/www.buechl-gruppe.de\/hu\/wp-json\/wp\/v2\/news"}],"about":[{"href":"https:\/\/www.buechl-gruppe.de\/hu\/wp-json\/wp\/v2\/types\/news"}],"wp:featuredmedia":[{"embeddable":true,"href":"https:\/\/www.buechl-gruppe.de\/hu\/wp-json\/wp\/v2\/media\/6090"}],"wp:attachment":[{"href":"https:\/\/www.buechl-gruppe.de\/hu\/wp-json\/wp\/v2\/media?parent=5589"}],"wp:term":[{"taxonomy":"veroffentlichen-auf","embeddable":true,"href":"https:\/\/www.buechl-gruppe.de\/hu\/wp-json\/wp\/v2\/veroffentlichen-auf?post=5589"},{"taxonomy":"kategorie-news","embeddable":true,"href":"https:\/\/www.buechl-gruppe.de\/hu\/wp-json\/wp\/v2\/kategorie-news?post=5589"}],"curies":[{"name":"wp","href":"https:\/\/api.w.org\/{rel}","templated":true}]}}