{"id":5581,"date":"2024-05-21T17:25:58","date_gmt":"2024-05-21T15:25:58","guid":{"rendered":"https:\/\/www.buechl-gruppe.de\/news\/a-buechl-csoport-csatlakozik-az-ingolstadti-szoevetseg-a-demokraciaert-a-sokszinusegert-es-a-toleranciaert-elnevezesu-szervezethez\/"},"modified":"2025-12-02T19:48:06","modified_gmt":"2025-12-02T18:48:06","slug":"a-buechl-csoport-csatlakozik-az-ingolstadti-szoevetseg-a-demokraciaert-a-sokszinusegert-es-a-toleranciaert-elnevezesu-szervezethez","status":"publish","type":"news","link":"https:\/\/www.buechl-gruppe.de\/hu\/news\/a-buechl-csoport-csatlakozik-az-ingolstadti-szoevetseg-a-demokraciaert-a-sokszinusegert-es-a-toleranciaert-elnevezesu-szervezethez\/","title":{"rendered":"A B\u00dcCHL Csoport csatlakozik az Ingolstadti Sz\u00f6vets\u00e9g a Demokr\u00e1ci\u00e1\u00e9rt, a Soksz\u00edn\u0171s\u00e9g\u00e9rt \u00e9s a Toleranci\u00e1\u00e9rt elnevez\u00e9s\u0171 szervezethez"},"content":{"rendered":"\n<p>&#8222;Igent mondunk a demokr\u00e1ci\u00e1ra, a soksz\u00edn\u0171s\u00e9gre \u00e9s a toleranci\u00e1ra.&#8221; Ezzel az elk\u00f6telezetts\u00e9ggel a B\u00dcCHL Csoport csatlakozik az \u00fajonnan Ingolstadtban l\u00e9trehozott sz\u00f6vets\u00e9ghez, amely elk\u00f6telezett ezen alap\u00e9rt\u00e9kek mellett.<\/p>\n\n<p>Reinhard B\u00fcchl jelen volt az \u00e1prilis 22-i alap\u00edt\u00f3 rendezv\u00e9nyen, \u00e9s sokakkal egy\u00fctt jelz\u00e9st adott a soksz\u00edn\u0171 \u00e9s b\u00e9k\u00e9s t\u00e1rsadalom\u00e9rt.<\/p>\n\n<p>Reinhard B\u00fcchl: &#8222;V\u00e1llalkoz\u00e1sk\u00e9nt az is a mi felel\u0151ss\u00e9g\u00fcnk, hogy ki\u00e1lljunk a demokr\u00e1cia, a soksz\u00edn\u0171s\u00e9g \u00e9s a tolerancia mellett. A B\u00dcCHL Csoportban t\u00f6bb mint 20 k\u00fcl\u00f6nb\u00f6z\u0151 nemzetb\u0151l sz\u00e1rmaz\u00f3 emberek dolgoznak egy\u00fctt sikeresen. Tudnunk kell egym\u00e1sra t\u00e1maszkodni. Az, hogy valaki honnan sz\u00e1rmazik, milyen kultur\u00e1lis, nyelvi vagy vall\u00e1si h\u00e1tt\u00e9rrel rendelkeznek a koll\u00e9g\u00e1i, nem j\u00e1tszhat szerepet. Ami sz\u00e1m\u00edt, azok az emberek \u00e9s az, hogy hogyan j\u00e1rulnak hozz\u00e1 a k\u00f6z\u00f6ss\u00e9g\u00fcnkh\u00f6z.&#8221;<\/p>\n\n<p>Az ingolstadti sz\u00f6vets\u00e9g elk\u00f6telezetts\u00e9ge sz\u00e9lesk\u00f6r\u0171 egyet\u00e9rt\u00e9sre tal\u00e1lt: mintegy 180 klub, szervezet, int\u00e9zm\u00e9ny, egyes\u00fclet \u00e9s v\u00e1llalat reag\u00e1lt Christian Scharpf, Ingolstadt f\u0151polg\u00e1rmestere felh\u00edv\u00e1s\u00e1ra, \u00e9s al\u00e1\u00edrta a felh\u00edv\u00e1st.<\/p>\n\n<p>Az ingolstadti felh\u00edv\u00e1sr\u00f3l \u00e9s a Sz\u00f6vets\u00e9g a demokr\u00e1ci\u00e1\u00e9rt, a soksz\u00edn\u0171s\u00e9g\u00e9rt \u00e9s a toleranci\u00e1\u00e9rt sz\u00f6vets\u00e9gr\u0151l tov\u00e1bbi inform\u00e1ci\u00f3k a sz\u00f6vets\u00e9g honlapj\u00e1n tal\u00e1lhat\u00f3k: <a href=\"https:\/\/www.ingolstadt.de\/buendnis\/\" target=\"_blank\" rel=\"noreferrer noopener\">ingolstadt.de\/buendnis\/<\/a>.<br\/><br\/><\/p>\n\n<figure class=\"wp-block-image size-large is-resized\"><img decoding=\"async\" src=\"https:\/\/www.buechl-gruppe.de\/wp-content\/uploads\/2024\/05\/Ingolstaedter-Buendnis_Reinhard-Buechl-mit-Philipp-Hockerts_SIN_SB24_0276_&#xA9;-Boesl_kbumm.de_-1024x683.jpg\" alt=\"Ingolstadt Alliance_Reinhard B&#xFC;chl &#xE9;s Philipp Hockerts_&#xA9;B&#xF6;sl\/kbumm.de\" class=\"wp-image-5422\" style=\"width:680px;height:auto\"\/><\/figure>\n\n<p>Fot\u00f3: Reinhard B\u00fcchl \u00e9s Philip Hockerts (az ingolstadti oktat\u00e1si k\u00f6zpont \u00fcgyvezet\u0151 igazgat\u00f3ja) \u00a9 B\u00f6sl\/kbumm.de<\/p>\n","protected":false},"featured_media":5584,"template":"","meta":{"wichtig":""},"veroffentlichen-auf":[25,27],"kategorie-news":[26,33,24],"class_list":["post-5581","news","type-news","status-publish","has-post-thumbnail","hentry","veroffentlichen-auf-buechl-entsorgung","veroffentlichen-auf-buechl-gruppe","kategorie-news-innovativer-partner","kategorie-news-moderner-arbeitgeber","kategorie-news-soziales"],"yoast_head":"<!-- This site is optimized with the Yoast SEO plugin v27.3 - https:\/\/yoast.com\/product\/yoast-seo-wordpress\/ -->\n<title>B\u00dcCHL - Sz\u00f6vets\u00e9g a demokr\u00e1ci\u00e1\u00e9rt, a soksz\u00edn\u0171s\u00e9g\u00e9rt \u00e9s a toleranci\u00e1\u00e9rt<\/title>\n<meta name=\"description\" content=\"Reinhard B\u00fcchl jelen volt az alap\u00edt\u00f3 rendezv\u00e9nyen, ezzel is jelet adva a soksz\u00edn\u0171 \u00e9s b\u00e9k\u00e9s t\u00e1rsadalom mellett.\" \/>\n<meta name=\"robots\" content=\"index, follow, max-snippet:-1, max-image-preview:large, max-video-preview:-1\" \/>\n<link rel=\"canonical\" href=\"https:\/\/www.buechl-gruppe.de\/hu\/news\/a-buechl-csoport-csatlakozik-az-ingolstadti-szoevetseg-a-demokraciaert-a-sokszinusegert-es-a-toleranciaert-elnevezesu-szervezethez\/\" \/>\n<meta property=\"og:locale\" content=\"hu_HU\" \/>\n<meta property=\"og:type\" content=\"article\" \/>\n<meta property=\"og:title\" content=\"B\u00dcCHL - Sz\u00f6vets\u00e9g a demokr\u00e1ci\u00e1\u00e9rt, a soksz\u00edn\u0171s\u00e9g\u00e9rt \u00e9s a toleranci\u00e1\u00e9rt\" \/>\n<meta property=\"og:description\" content=\"Reinhard B\u00fcchl jelen volt az alap\u00edt\u00f3 rendezv\u00e9nyen, ezzel is jelet adva a soksz\u00edn\u0171 \u00e9s b\u00e9k\u00e9s t\u00e1rsadalom mellett.\" \/>\n<meta property=\"og:url\" content=\"https:\/\/www.buechl-gruppe.de\/hu\/news\/a-buechl-csoport-csatlakozik-az-ingolstadti-szoevetseg-a-demokraciaert-a-sokszinusegert-es-a-toleranciaert-elnevezesu-szervezethez\/\" \/>\n<meta property=\"og:site_name\" content=\"B\u00fcchl Gruppe\" \/>\n<meta property=\"article:modified_time\" content=\"2025-12-02T18:48:06+00:00\" \/>\n<meta property=\"og:image\" content=\"https:\/\/www.buechl-gruppe.de\/wp-content\/uploads\/2024\/05\/Logomotiv_Buendnis_fuer_Demokratie_Vielfalt_und_Toleranz_\u00a9-Stadt-Ingolstadt_Marcel-Ferreira.jpg\" \/>\n\t<meta property=\"og:image:width\" content=\"1500\" \/>\n\t<meta property=\"og:image:height\" content=\"1001\" \/>\n\t<meta property=\"og:image:type\" content=\"image\/jpeg\" \/>\n<meta name=\"twitter:card\" content=\"summary_large_image\" \/>\n<meta name=\"twitter:label1\" content=\"Becs\u00fclt olvas\u00e1si id\u0151\" \/>\n\t<meta name=\"twitter:data1\" content=\"1 perc\" \/>\n<script type=\"application\/ld+json\" class=\"yoast-schema-graph\">{\"@context\":\"https:\\\/\\\/schema.org\",\"@graph\":[{\"@type\":\"WebPage\",\"@id\":\"https:\\\/\\\/www.buechl-gruppe.de\\\/hu\\\/news\\\/a-buechl-csoport-csatlakozik-az-ingolstadti-szoevetseg-a-demokraciaert-a-sokszinusegert-es-a-toleranciaert-elnevezesu-szervezethez\\\/\",\"url\":\"https:\\\/\\\/www.buechl-gruppe.de\\\/hu\\\/news\\\/a-buechl-csoport-csatlakozik-az-ingolstadti-szoevetseg-a-demokraciaert-a-sokszinusegert-es-a-toleranciaert-elnevezesu-szervezethez\\\/\",\"name\":\"B\u00dcCHL - Sz\u00f6vets\u00e9g a demokr\u00e1ci\u00e1\u00e9rt, a soksz\u00edn\u0171s\u00e9g\u00e9rt \u00e9s a toleranci\u00e1\u00e9rt\",\"isPartOf\":{\"@id\":\"https:\\\/\\\/www.buechl-gruppe.de\\\/#website\"},\"primaryImageOfPage\":{\"@id\":\"https:\\\/\\\/www.buechl-gruppe.de\\\/hu\\\/news\\\/a-buechl-csoport-csatlakozik-az-ingolstadti-szoevetseg-a-demokraciaert-a-sokszinusegert-es-a-toleranciaert-elnevezesu-szervezethez\\\/#primaryimage\"},\"image\":{\"@id\":\"https:\\\/\\\/www.buechl-gruppe.de\\\/hu\\\/news\\\/a-buechl-csoport-csatlakozik-az-ingolstadti-szoevetseg-a-demokraciaert-a-sokszinusegert-es-a-toleranciaert-elnevezesu-szervezethez\\\/#primaryimage\"},\"thumbnailUrl\":\"https:\\\/\\\/www.buechl-gruppe.de\\\/wp-content\\\/uploads\\\/2024\\\/05\\\/Logomotiv_Buendnis_fuer_Demokratie_Vielfalt_und_Toleranz_\u00a9-Stadt-Ingolstadt_Marcel-Ferreira.jpg\",\"datePublished\":\"2024-05-21T15:25:58+00:00\",\"dateModified\":\"2025-12-02T18:48:06+00:00\",\"description\":\"Reinhard B\u00fcchl jelen volt az alap\u00edt\u00f3 rendezv\u00e9nyen, ezzel is jelet adva a soksz\u00edn\u0171 \u00e9s b\u00e9k\u00e9s t\u00e1rsadalom mellett.\",\"breadcrumb\":{\"@id\":\"https:\\\/\\\/www.buechl-gruppe.de\\\/hu\\\/news\\\/a-buechl-csoport-csatlakozik-az-ingolstadti-szoevetseg-a-demokraciaert-a-sokszinusegert-es-a-toleranciaert-elnevezesu-szervezethez\\\/#breadcrumb\"},\"inLanguage\":\"hu\",\"potentialAction\":[{\"@type\":\"ReadAction\",\"target\":[\"https:\\\/\\\/www.buechl-gruppe.de\\\/hu\\\/news\\\/a-buechl-csoport-csatlakozik-az-ingolstadti-szoevetseg-a-demokraciaert-a-sokszinusegert-es-a-toleranciaert-elnevezesu-szervezethez\\\/\"]}]},{\"@type\":\"ImageObject\",\"inLanguage\":\"hu\",\"@id\":\"https:\\\/\\\/www.buechl-gruppe.de\\\/hu\\\/news\\\/a-buechl-csoport-csatlakozik-az-ingolstadti-szoevetseg-a-demokraciaert-a-sokszinusegert-es-a-toleranciaert-elnevezesu-szervezethez\\\/#primaryimage\",\"url\":\"https:\\\/\\\/www.buechl-gruppe.de\\\/wp-content\\\/uploads\\\/2024\\\/05\\\/Logomotiv_Buendnis_fuer_Demokratie_Vielfalt_und_Toleranz_\u00a9-Stadt-Ingolstadt_Marcel-Ferreira.jpg\",\"contentUrl\":\"https:\\\/\\\/www.buechl-gruppe.de\\\/wp-content\\\/uploads\\\/2024\\\/05\\\/Logomotiv_Buendnis_fuer_Demokratie_Vielfalt_und_Toleranz_\u00a9-Stadt-Ingolstadt_Marcel-Ferreira.jpg\",\"width\":1500,\"height\":1001,\"caption\":\"Logomotiv_B\u00fcndnis f\u00fcr Demokratie Vielfalt und Toleranz \u00a9 Stadt Ingolstadt Marcel Ferreira\"},{\"@type\":\"BreadcrumbList\",\"@id\":\"https:\\\/\\\/www.buechl-gruppe.de\\\/hu\\\/news\\\/a-buechl-csoport-csatlakozik-az-ingolstadti-szoevetseg-a-demokraciaert-a-sokszinusegert-es-a-toleranciaert-elnevezesu-szervezethez\\\/#breadcrumb\",\"itemListElement\":[{\"@type\":\"ListItem\",\"position\":1,\"name\":\"Startseite\",\"item\":\"https:\\\/\\\/www.buechl-gruppe.de\\\/\"},{\"@type\":\"ListItem\",\"position\":2,\"name\":\"News\",\"item\":\"https:\\\/\\\/www.buechl-gruppe.de\\\/news\\\/\"},{\"@type\":\"ListItem\",\"position\":3,\"name\":\"A B\u00dcCHL Csoport csatlakozik az Ingolstadti Sz\u00f6vets\u00e9g a Demokr\u00e1ci\u00e1\u00e9rt, a Soksz\u00edn\u0171s\u00e9g\u00e9rt \u00e9s a Toleranci\u00e1\u00e9rt elnevez\u00e9s\u0171 szervezethez\"}]},{\"@type\":\"WebSite\",\"@id\":\"https:\\\/\\\/www.buechl-gruppe.de\\\/#website\",\"url\":\"https:\\\/\\\/www.buechl-gruppe.de\\\/\",\"name\":\"B\u00fcchl Gruppe\",\"description\":\"\",\"publisher\":{\"@id\":\"https:\\\/\\\/www.buechl-gruppe.de\\\/#organization\"},\"potentialAction\":[{\"@type\":\"SearchAction\",\"target\":{\"@type\":\"EntryPoint\",\"urlTemplate\":\"https:\\\/\\\/www.buechl-gruppe.de\\\/?s={search_term_string}\"},\"query-input\":{\"@type\":\"PropertyValueSpecification\",\"valueRequired\":true,\"valueName\":\"search_term_string\"}}],\"inLanguage\":\"hu\"},{\"@type\":\"Organization\",\"@id\":\"https:\\\/\\\/www.buechl-gruppe.de\\\/#organization\",\"name\":\"B\u00fcchl Gruppe\",\"url\":\"https:\\\/\\\/www.buechl-gruppe.de\\\/\",\"logo\":{\"@type\":\"ImageObject\",\"inLanguage\":\"hu\",\"@id\":\"https:\\\/\\\/www.buechl-gruppe.de\\\/#\\\/schema\\\/logo\\\/image\\\/\",\"url\":\"https:\\\/\\\/www.buechl-gruppe.de\\\/wp-content\\\/uploads\\\/2024\\\/09\\\/Logos-4-1.png\",\"contentUrl\":\"https:\\\/\\\/www.buechl-gruppe.de\\\/wp-content\\\/uploads\\\/2024\\\/09\\\/Logos-4-1.png\",\"width\":300,\"height\":98,\"caption\":\"B\u00fcchl Gruppe\"},\"image\":{\"@id\":\"https:\\\/\\\/www.buechl-gruppe.de\\\/#\\\/schema\\\/logo\\\/image\\\/\"}}]}<\/script>\n<!-- \/ Yoast SEO plugin. -->","yoast_head_json":{"title":"B\u00dcCHL - Sz\u00f6vets\u00e9g a demokr\u00e1ci\u00e1\u00e9rt, a soksz\u00edn\u0171s\u00e9g\u00e9rt \u00e9s a toleranci\u00e1\u00e9rt","description":"Reinhard B\u00fcchl jelen volt az alap\u00edt\u00f3 rendezv\u00e9nyen, ezzel is jelet adva a soksz\u00edn\u0171 \u00e9s b\u00e9k\u00e9s t\u00e1rsadalom mellett.","robots":{"index":"index","follow":"follow","max-snippet":"max-snippet:-1","max-image-preview":"max-image-preview:large","max-video-preview":"max-video-preview:-1"},"canonical":"https:\/\/www.buechl-gruppe.de\/hu\/news\/a-buechl-csoport-csatlakozik-az-ingolstadti-szoevetseg-a-demokraciaert-a-sokszinusegert-es-a-toleranciaert-elnevezesu-szervezethez\/","og_locale":"hu_HU","og_type":"article","og_title":"B\u00dcCHL - Sz\u00f6vets\u00e9g a demokr\u00e1ci\u00e1\u00e9rt, a soksz\u00edn\u0171s\u00e9g\u00e9rt \u00e9s a toleranci\u00e1\u00e9rt","og_description":"Reinhard B\u00fcchl jelen volt az alap\u00edt\u00f3 rendezv\u00e9nyen, ezzel is jelet adva a soksz\u00edn\u0171 \u00e9s b\u00e9k\u00e9s t\u00e1rsadalom mellett.","og_url":"https:\/\/www.buechl-gruppe.de\/hu\/news\/a-buechl-csoport-csatlakozik-az-ingolstadti-szoevetseg-a-demokraciaert-a-sokszinusegert-es-a-toleranciaert-elnevezesu-szervezethez\/","og_site_name":"B\u00fcchl Gruppe","article_modified_time":"2025-12-02T18:48:06+00:00","og_image":[{"width":1500,"height":1001,"url":"https:\/\/www.buechl-gruppe.de\/wp-content\/uploads\/2024\/05\/Logomotiv_Buendnis_fuer_Demokratie_Vielfalt_und_Toleranz_\u00a9-Stadt-Ingolstadt_Marcel-Ferreira.jpg","type":"image\/jpeg"}],"twitter_card":"summary_large_image","twitter_misc":{"Becs\u00fclt olvas\u00e1si id\u0151":"1 perc"},"schema":{"@context":"https:\/\/schema.org","@graph":[{"@type":"WebPage","@id":"https:\/\/www.buechl-gruppe.de\/hu\/news\/a-buechl-csoport-csatlakozik-az-ingolstadti-szoevetseg-a-demokraciaert-a-sokszinusegert-es-a-toleranciaert-elnevezesu-szervezethez\/","url":"https:\/\/www.buechl-gruppe.de\/hu\/news\/a-buechl-csoport-csatlakozik-az-ingolstadti-szoevetseg-a-demokraciaert-a-sokszinusegert-es-a-toleranciaert-elnevezesu-szervezethez\/","name":"B\u00dcCHL - Sz\u00f6vets\u00e9g a demokr\u00e1ci\u00e1\u00e9rt, a soksz\u00edn\u0171s\u00e9g\u00e9rt \u00e9s a toleranci\u00e1\u00e9rt","isPartOf":{"@id":"https:\/\/www.buechl-gruppe.de\/#website"},"primaryImageOfPage":{"@id":"https:\/\/www.buechl-gruppe.de\/hu\/news\/a-buechl-csoport-csatlakozik-az-ingolstadti-szoevetseg-a-demokraciaert-a-sokszinusegert-es-a-toleranciaert-elnevezesu-szervezethez\/#primaryimage"},"image":{"@id":"https:\/\/www.buechl-gruppe.de\/hu\/news\/a-buechl-csoport-csatlakozik-az-ingolstadti-szoevetseg-a-demokraciaert-a-sokszinusegert-es-a-toleranciaert-elnevezesu-szervezethez\/#primaryimage"},"thumbnailUrl":"https:\/\/www.buechl-gruppe.de\/wp-content\/uploads\/2024\/05\/Logomotiv_Buendnis_fuer_Demokratie_Vielfalt_und_Toleranz_\u00a9-Stadt-Ingolstadt_Marcel-Ferreira.jpg","datePublished":"2024-05-21T15:25:58+00:00","dateModified":"2025-12-02T18:48:06+00:00","description":"Reinhard B\u00fcchl jelen volt az alap\u00edt\u00f3 rendezv\u00e9nyen, ezzel is jelet adva a soksz\u00edn\u0171 \u00e9s b\u00e9k\u00e9s t\u00e1rsadalom mellett.","breadcrumb":{"@id":"https:\/\/www.buechl-gruppe.de\/hu\/news\/a-buechl-csoport-csatlakozik-az-ingolstadti-szoevetseg-a-demokraciaert-a-sokszinusegert-es-a-toleranciaert-elnevezesu-szervezethez\/#breadcrumb"},"inLanguage":"hu","potentialAction":[{"@type":"ReadAction","target":["https:\/\/www.buechl-gruppe.de\/hu\/news\/a-buechl-csoport-csatlakozik-az-ingolstadti-szoevetseg-a-demokraciaert-a-sokszinusegert-es-a-toleranciaert-elnevezesu-szervezethez\/"]}]},{"@type":"ImageObject","inLanguage":"hu","@id":"https:\/\/www.buechl-gruppe.de\/hu\/news\/a-buechl-csoport-csatlakozik-az-ingolstadti-szoevetseg-a-demokraciaert-a-sokszinusegert-es-a-toleranciaert-elnevezesu-szervezethez\/#primaryimage","url":"https:\/\/www.buechl-gruppe.de\/wp-content\/uploads\/2024\/05\/Logomotiv_Buendnis_fuer_Demokratie_Vielfalt_und_Toleranz_\u00a9-Stadt-Ingolstadt_Marcel-Ferreira.jpg","contentUrl":"https:\/\/www.buechl-gruppe.de\/wp-content\/uploads\/2024\/05\/Logomotiv_Buendnis_fuer_Demokratie_Vielfalt_und_Toleranz_\u00a9-Stadt-Ingolstadt_Marcel-Ferreira.jpg","width":1500,"height":1001,"caption":"Logomotiv_B\u00fcndnis f\u00fcr Demokratie Vielfalt und Toleranz \u00a9 Stadt Ingolstadt Marcel Ferreira"},{"@type":"BreadcrumbList","@id":"https:\/\/www.buechl-gruppe.de\/hu\/news\/a-buechl-csoport-csatlakozik-az-ingolstadti-szoevetseg-a-demokraciaert-a-sokszinusegert-es-a-toleranciaert-elnevezesu-szervezethez\/#breadcrumb","itemListElement":[{"@type":"ListItem","position":1,"name":"Startseite","item":"https:\/\/www.buechl-gruppe.de\/"},{"@type":"ListItem","position":2,"name":"News","item":"https:\/\/www.buechl-gruppe.de\/news\/"},{"@type":"ListItem","position":3,"name":"A B\u00dcCHL Csoport csatlakozik az Ingolstadti Sz\u00f6vets\u00e9g a Demokr\u00e1ci\u00e1\u00e9rt, a Soksz\u00edn\u0171s\u00e9g\u00e9rt \u00e9s a Toleranci\u00e1\u00e9rt elnevez\u00e9s\u0171 szervezethez"}]},{"@type":"WebSite","@id":"https:\/\/www.buechl-gruppe.de\/#website","url":"https:\/\/www.buechl-gruppe.de\/","name":"B\u00fcchl Gruppe","description":"","publisher":{"@id":"https:\/\/www.buechl-gruppe.de\/#organization"},"potentialAction":[{"@type":"SearchAction","target":{"@type":"EntryPoint","urlTemplate":"https:\/\/www.buechl-gruppe.de\/?s={search_term_string}"},"query-input":{"@type":"PropertyValueSpecification","valueRequired":true,"valueName":"search_term_string"}}],"inLanguage":"hu"},{"@type":"Organization","@id":"https:\/\/www.buechl-gruppe.de\/#organization","name":"B\u00fcchl Gruppe","url":"https:\/\/www.buechl-gruppe.de\/","logo":{"@type":"ImageObject","inLanguage":"hu","@id":"https:\/\/www.buechl-gruppe.de\/#\/schema\/logo\/image\/","url":"https:\/\/www.buechl-gruppe.de\/wp-content\/uploads\/2024\/09\/Logos-4-1.png","contentUrl":"https:\/\/www.buechl-gruppe.de\/wp-content\/uploads\/2024\/09\/Logos-4-1.png","width":300,"height":98,"caption":"B\u00fcchl Gruppe"},"image":{"@id":"https:\/\/www.buechl-gruppe.de\/#\/schema\/logo\/image\/"}}]}},"_links":{"self":[{"href":"https:\/\/www.buechl-gruppe.de\/hu\/wp-json\/wp\/v2\/news\/5581","targetHints":{"allow":["GET"]}}],"collection":[{"href":"https:\/\/www.buechl-gruppe.de\/hu\/wp-json\/wp\/v2\/news"}],"about":[{"href":"https:\/\/www.buechl-gruppe.de\/hu\/wp-json\/wp\/v2\/types\/news"}],"wp:featuredmedia":[{"embeddable":true,"href":"https:\/\/www.buechl-gruppe.de\/hu\/wp-json\/wp\/v2\/media\/5584"}],"wp:attachment":[{"href":"https:\/\/www.buechl-gruppe.de\/hu\/wp-json\/wp\/v2\/media?parent=5581"}],"wp:term":[{"taxonomy":"veroffentlichen-auf","embeddable":true,"href":"https:\/\/www.buechl-gruppe.de\/hu\/wp-json\/wp\/v2\/veroffentlichen-auf?post=5581"},{"taxonomy":"kategorie-news","embeddable":true,"href":"https:\/\/www.buechl-gruppe.de\/hu\/wp-json\/wp\/v2\/kategorie-news?post=5581"}],"curies":[{"name":"wp","href":"https:\/\/api.w.org\/{rel}","templated":true}]}}