{"id":10288,"date":"2026-03-12T11:56:20","date_gmt":"2026-03-12T10:56:20","guid":{"rendered":"https:\/\/www.buechl-gruppe.de\/news\/a-buechl-sikeresen-ujratanusitott-a-minoseg-es-a-koernyezetkoezpontusag-ismet-megerositest-nyert\/"},"modified":"2026-03-16T11:35:49","modified_gmt":"2026-03-16T10:35:49","slug":"a-buechl-sikeresen-ujratanusitott-a-minoseg-es-a-koernyezetkoezpontusag-ismet-megerositest-nyert","status":"publish","type":"news","link":"https:\/\/www.buechl-gruppe.de\/hu\/news\/a-buechl-sikeresen-ujratanusitott-a-minoseg-es-a-koernyezetkoezpontusag-ismet-megerositest-nyert\/","title":{"rendered":"A B\u00dcCHL sikeresen \u00fajratan\u00fas\u00edtott &#8211; a min\u0151s\u00e9g \u00e9s a k\u00f6rnyezetk\u00f6zpont\u00fas\u00e1g ism\u00e9t meger\u0151s\u00edt\u00e9st nyert"},"content":{"rendered":"\n<p><strong>Sikeresen befejez\u0151d\u00f6tt a t\u00f6bbnapos audit!<\/strong><\/p>\n\n<p>Sz\u00e1mos k\u00f6zponti min\u0151s\u00edt\u00e9st meger\u0151s\u00edtettek vagy meg\u00faj\u00edtottak. A tan\u00fas\u00edtv\u00e1nyok \u00e1ttekint\u00e9se: <\/p>\n\n<ul class=\"wp-block-list\">\n<li>\u2705 <strong>DIN EN ISO 9001:2015 &#8211; Min\u0151s\u00e9gir\u00e1ny\u00edt\u00e1s<\/strong><br\/><em>(B\u00dcCHL Entsorgungswirtschaft \u00e9s PRIOREC)<\/em><\/li>\n\n\n\n<li>\u2705 <strong>DIN EN ISO 14001:2015 &#8211; K\u00f6rnyezetgazd\u00e1lkod\u00e1s<\/strong><br\/><em>(B\u00dcCHL Entsorgungswirtschaft)<\/em><\/li>\n\n\n\n<li>\u2705  <strong>EfbV &#8211; szakosodott hullad\u00e9kgazd\u00e1lkod\u00e1si v\u00e1llalat, bele\u00e9rtve a kereskedelmi hullad\u00e9krendeletet is <\/strong><br\/><em>(B\u00dcCHL Hullad\u00e9kgazd\u00e1lkod\u00e1s)<\/em><\/li>\n\n\n\n<li>\u2705  <strong>EfbV &#8211; szakosodott hullad\u00e9kgazd\u00e1lkod\u00e1si v\u00e1llalat, bele\u00e9rtve az elhaszn\u00e1l\u00f3dott j\u00e1rm\u0171vek rendez\u00e9s\u00e9t is <\/strong><br\/><em>(PRIOREC)<\/em><\/li>\n\n\n\n<li>\u2705 <strong>Tan\u00fas\u00edt\u00e1s az adatok \u00e9s dokumentumok megsemmis\u00edt\u00e9s\u00e9re<\/strong><br\/> (ISO\/IEC 21964 \/ DIN 66399<em>)<\/em><\/li>\n<\/ul>\n\n<p><\/p>\n\n<p>A k\u00f6nyvvizsg\u00e1l\u00f3t leny\u0171g\u00f6zte a struktur\u00e1lt szervezet, a magas szint\u0171 szak\u00e9rtelem \u00e9s a min\u0151s\u00e9gi \u00e9s k\u00f6rnyezetv\u00e9delmi el\u0151\u00edr\u00e1sok k\u00f6vetkezetes v\u00e9grehajt\u00e1sa. V\u00e9lem\u00e9nye szerint tiszta, rendezett \u00e9s j\u00f3l szervezett v\u00e1llalatunk van, amelyet ilyen form\u00e1ban ritk\u00e1n l\u00e1t. Tele volt dics\u00e9rettel, \u00e9s kiemelte, hogy a v\u00e1llalat minden ter\u00fclet\u00e9n nagy hangs\u00falyt fektetnek a k\u00f6rnyezetv\u00e9delemre \u00e9s a min\u0151s\u00e9gre, mondv\u00e1n, hogy nem ismer m\u00e1s hasonl\u00f3 v\u00e1llalatot.  <\/p>\n\n<p>A sikeres min\u0151s\u00edt\u00e9s meger\u0151s\u00edti a B\u00dcCHL-csoport k\u00f6vetkezetes min\u0151s\u00e9gi szabv\u00e1nyait \u00e9s a fenntarthat\u00f3s\u00e1ggal kapcsolatos felfog\u00e1s\u00e1t &#8211; \u00e9s ism\u00e9t hangs\u00falyozza a vez\u00e9relvet:<br\/> B\u00dcCHL<strong>&#8211; egy gondolattal el\u0151r\u00e9bb<\/strong>.<\/p>\n\n<p><\/p>\n","protected":false},"featured_media":9675,"template":"","meta":{"wichtig":""},"veroffentlichen-auf":[25,27],"kategorie-news":[40,34],"class_list":["post-10288","news","type-news","status-publish","has-post-thumbnail","hentry","veroffentlichen-auf-buechl-entsorgung","veroffentlichen-auf-buechl-gruppe","kategorie-news-geschaeftsentwicklung","kategorie-news-nachhaltigkeit-klimaschutz"],"yoast_head":"<!-- This site is optimized with the Yoast SEO plugin v27.3 - https:\/\/yoast.com\/product\/yoast-seo-wordpress\/ -->\n<title>A B\u00dcCHL sikeresen \u00fajratan\u00fas\u00edtott - a min\u0151s\u00e9g \u00e9s a k\u00f6rnyezetk\u00f6zpont\u00fas\u00e1g ism\u00e9t meger\u0151s\u00edt\u00e9st nyert - B\u00fcchl Gruppe<\/title>\n<meta name=\"description\" content=\"Nagy dics\u00e9ret a k\u00f6nyvvizsg\u00e1l\u00f3t\u00f3l. K\u00fcl\u00f6n\u00f6sen kiemelt\u00e9k a v\u00e1llalat minden ter\u00fclet\u00e9n a k\u00f6rnyezet- \u00e9s min\u0151s\u00e9gir\u00e1ny\u00edt\u00e1sra val\u00f3 \u00f6sszpontos\u00edt\u00e1st.\" \/>\n<meta name=\"robots\" content=\"index, follow, max-snippet:-1, max-image-preview:large, max-video-preview:-1\" \/>\n<link rel=\"canonical\" href=\"https:\/\/www.buechl-gruppe.de\/hu\/news\/a-buechl-sikeresen-ujratanusitott-a-minoseg-es-a-koernyezetkoezpontusag-ismet-megerositest-nyert\/\" \/>\n<meta property=\"og:locale\" content=\"hu_HU\" \/>\n<meta property=\"og:type\" content=\"article\" \/>\n<meta property=\"og:title\" content=\"A B\u00dcCHL sikeresen \u00fajratan\u00fas\u00edtott - a min\u0151s\u00e9g \u00e9s a k\u00f6rnyezetk\u00f6zpont\u00fas\u00e1g ism\u00e9t meger\u0151s\u00edt\u00e9st nyert - B\u00fcchl Gruppe\" \/>\n<meta property=\"og:description\" content=\"Nagy dics\u00e9ret a k\u00f6nyvvizsg\u00e1l\u00f3t\u00f3l. K\u00fcl\u00f6n\u00f6sen kiemelt\u00e9k a v\u00e1llalat minden ter\u00fclet\u00e9n a k\u00f6rnyezet- \u00e9s min\u0151s\u00e9gir\u00e1ny\u00edt\u00e1sra val\u00f3 \u00f6sszpontos\u00edt\u00e1st.\" \/>\n<meta property=\"og:url\" content=\"https:\/\/www.buechl-gruppe.de\/hu\/news\/a-buechl-sikeresen-ujratanusitott-a-minoseg-es-a-koernyezetkoezpontusag-ismet-megerositest-nyert\/\" \/>\n<meta property=\"og:site_name\" content=\"B\u00fcchl Gruppe\" \/>\n<meta property=\"article:modified_time\" content=\"2026-03-16T10:35:49+00:00\" \/>\n<meta property=\"og:image\" content=\"https:\/\/www.buechl-gruppe.de\/wp-content\/uploads\/2025\/08\/Titelmotiv-News_BUeCHL-erfolgreich-rezertifiziert_07_2025-1.png\" \/>\n\t<meta property=\"og:image:width\" content=\"1772\" \/>\n\t<meta property=\"og:image:height\" content=\"1181\" \/>\n\t<meta property=\"og:image:type\" content=\"image\/png\" \/>\n<meta name=\"twitter:card\" content=\"summary_large_image\" \/>\n<meta name=\"twitter:label1\" content=\"Becs\u00fclt olvas\u00e1si id\u0151\" \/>\n\t<meta name=\"twitter:data1\" content=\"1 perc\" \/>\n<script type=\"application\/ld+json\" class=\"yoast-schema-graph\">{\"@context\":\"https:\\\/\\\/schema.org\",\"@graph\":[{\"@type\":\"WebPage\",\"@id\":\"https:\\\/\\\/www.buechl-gruppe.de\\\/hu\\\/news\\\/a-buechl-sikeresen-ujratanusitott-a-minoseg-es-a-koernyezetkoezpontusag-ismet-megerositest-nyert\\\/\",\"url\":\"https:\\\/\\\/www.buechl-gruppe.de\\\/hu\\\/news\\\/a-buechl-sikeresen-ujratanusitott-a-minoseg-es-a-koernyezetkoezpontusag-ismet-megerositest-nyert\\\/\",\"name\":\"A B\u00dcCHL sikeresen \u00fajratan\u00fas\u00edtott - a min\u0151s\u00e9g \u00e9s a k\u00f6rnyezetk\u00f6zpont\u00fas\u00e1g ism\u00e9t meger\u0151s\u00edt\u00e9st nyert - B\u00fcchl Gruppe\",\"isPartOf\":{\"@id\":\"https:\\\/\\\/www.buechl-gruppe.de\\\/#website\"},\"primaryImageOfPage\":{\"@id\":\"https:\\\/\\\/www.buechl-gruppe.de\\\/hu\\\/news\\\/a-buechl-sikeresen-ujratanusitott-a-minoseg-es-a-koernyezetkoezpontusag-ismet-megerositest-nyert\\\/#primaryimage\"},\"image\":{\"@id\":\"https:\\\/\\\/www.buechl-gruppe.de\\\/hu\\\/news\\\/a-buechl-sikeresen-ujratanusitott-a-minoseg-es-a-koernyezetkoezpontusag-ismet-megerositest-nyert\\\/#primaryimage\"},\"thumbnailUrl\":\"https:\\\/\\\/www.buechl-gruppe.de\\\/wp-content\\\/uploads\\\/2025\\\/08\\\/Titelmotiv-News_BUeCHL-erfolgreich-rezertifiziert_07_2025-1.png\",\"datePublished\":\"2026-03-12T10:56:20+00:00\",\"dateModified\":\"2026-03-16T10:35:49+00:00\",\"description\":\"Nagy dics\u00e9ret a k\u00f6nyvvizsg\u00e1l\u00f3t\u00f3l. K\u00fcl\u00f6n\u00f6sen kiemelt\u00e9k a v\u00e1llalat minden ter\u00fclet\u00e9n a k\u00f6rnyezet- \u00e9s min\u0151s\u00e9gir\u00e1ny\u00edt\u00e1sra val\u00f3 \u00f6sszpontos\u00edt\u00e1st.\",\"breadcrumb\":{\"@id\":\"https:\\\/\\\/www.buechl-gruppe.de\\\/hu\\\/news\\\/a-buechl-sikeresen-ujratanusitott-a-minoseg-es-a-koernyezetkoezpontusag-ismet-megerositest-nyert\\\/#breadcrumb\"},\"inLanguage\":\"hu\",\"potentialAction\":[{\"@type\":\"ReadAction\",\"target\":[\"https:\\\/\\\/www.buechl-gruppe.de\\\/hu\\\/news\\\/a-buechl-sikeresen-ujratanusitott-a-minoseg-es-a-koernyezetkoezpontusag-ismet-megerositest-nyert\\\/\"]}]},{\"@type\":\"ImageObject\",\"inLanguage\":\"hu\",\"@id\":\"https:\\\/\\\/www.buechl-gruppe.de\\\/hu\\\/news\\\/a-buechl-sikeresen-ujratanusitott-a-minoseg-es-a-koernyezetkoezpontusag-ismet-megerositest-nyert\\\/#primaryimage\",\"url\":\"https:\\\/\\\/www.buechl-gruppe.de\\\/wp-content\\\/uploads\\\/2025\\\/08\\\/Titelmotiv-News_BUeCHL-erfolgreich-rezertifiziert_07_2025-1.png\",\"contentUrl\":\"https:\\\/\\\/www.buechl-gruppe.de\\\/wp-content\\\/uploads\\\/2025\\\/08\\\/Titelmotiv-News_BUeCHL-erfolgreich-rezertifiziert_07_2025-1.png\",\"width\":1772,\"height\":1181,\"caption\":\"Titelmotiv News_B\u00dcCHL erfolgreich rezertifiziert_07_2025\"},{\"@type\":\"BreadcrumbList\",\"@id\":\"https:\\\/\\\/www.buechl-gruppe.de\\\/hu\\\/news\\\/a-buechl-sikeresen-ujratanusitott-a-minoseg-es-a-koernyezetkoezpontusag-ismet-megerositest-nyert\\\/#breadcrumb\",\"itemListElement\":[{\"@type\":\"ListItem\",\"position\":1,\"name\":\"Startseite\",\"item\":\"https:\\\/\\\/www.buechl-gruppe.de\\\/\"},{\"@type\":\"ListItem\",\"position\":2,\"name\":\"News\",\"item\":\"https:\\\/\\\/www.buechl-gruppe.de\\\/news\\\/\"},{\"@type\":\"ListItem\",\"position\":3,\"name\":\"A B\u00dcCHL sikeresen \u00fajratan\u00fas\u00edtott &#8211; a min\u0151s\u00e9g \u00e9s a k\u00f6rnyezetk\u00f6zpont\u00fas\u00e1g ism\u00e9t meger\u0151s\u00edt\u00e9st nyert\"}]},{\"@type\":\"WebSite\",\"@id\":\"https:\\\/\\\/www.buechl-gruppe.de\\\/#website\",\"url\":\"https:\\\/\\\/www.buechl-gruppe.de\\\/\",\"name\":\"B\u00fcchl Gruppe\",\"description\":\"\",\"publisher\":{\"@id\":\"https:\\\/\\\/www.buechl-gruppe.de\\\/#organization\"},\"potentialAction\":[{\"@type\":\"SearchAction\",\"target\":{\"@type\":\"EntryPoint\",\"urlTemplate\":\"https:\\\/\\\/www.buechl-gruppe.de\\\/?s={search_term_string}\"},\"query-input\":{\"@type\":\"PropertyValueSpecification\",\"valueRequired\":true,\"valueName\":\"search_term_string\"}}],\"inLanguage\":\"hu\"},{\"@type\":\"Organization\",\"@id\":\"https:\\\/\\\/www.buechl-gruppe.de\\\/#organization\",\"name\":\"B\u00fcchl Gruppe\",\"url\":\"https:\\\/\\\/www.buechl-gruppe.de\\\/\",\"logo\":{\"@type\":\"ImageObject\",\"inLanguage\":\"hu\",\"@id\":\"https:\\\/\\\/www.buechl-gruppe.de\\\/#\\\/schema\\\/logo\\\/image\\\/\",\"url\":\"https:\\\/\\\/www.buechl-gruppe.de\\\/wp-content\\\/uploads\\\/2024\\\/09\\\/Logos-4-1.png\",\"contentUrl\":\"https:\\\/\\\/www.buechl-gruppe.de\\\/wp-content\\\/uploads\\\/2024\\\/09\\\/Logos-4-1.png\",\"width\":300,\"height\":98,\"caption\":\"B\u00fcchl Gruppe\"},\"image\":{\"@id\":\"https:\\\/\\\/www.buechl-gruppe.de\\\/#\\\/schema\\\/logo\\\/image\\\/\"}}]}<\/script>\n<!-- \/ Yoast SEO plugin. -->","yoast_head_json":{"title":"A B\u00dcCHL sikeresen \u00fajratan\u00fas\u00edtott - a min\u0151s\u00e9g \u00e9s a k\u00f6rnyezetk\u00f6zpont\u00fas\u00e1g ism\u00e9t meger\u0151s\u00edt\u00e9st nyert - B\u00fcchl Gruppe","description":"Nagy dics\u00e9ret a k\u00f6nyvvizsg\u00e1l\u00f3t\u00f3l. K\u00fcl\u00f6n\u00f6sen kiemelt\u00e9k a v\u00e1llalat minden ter\u00fclet\u00e9n a k\u00f6rnyezet- \u00e9s min\u0151s\u00e9gir\u00e1ny\u00edt\u00e1sra val\u00f3 \u00f6sszpontos\u00edt\u00e1st.","robots":{"index":"index","follow":"follow","max-snippet":"max-snippet:-1","max-image-preview":"max-image-preview:large","max-video-preview":"max-video-preview:-1"},"canonical":"https:\/\/www.buechl-gruppe.de\/hu\/news\/a-buechl-sikeresen-ujratanusitott-a-minoseg-es-a-koernyezetkoezpontusag-ismet-megerositest-nyert\/","og_locale":"hu_HU","og_type":"article","og_title":"A B\u00dcCHL sikeresen \u00fajratan\u00fas\u00edtott - a min\u0151s\u00e9g \u00e9s a k\u00f6rnyezetk\u00f6zpont\u00fas\u00e1g ism\u00e9t meger\u0151s\u00edt\u00e9st nyert - B\u00fcchl Gruppe","og_description":"Nagy dics\u00e9ret a k\u00f6nyvvizsg\u00e1l\u00f3t\u00f3l. K\u00fcl\u00f6n\u00f6sen kiemelt\u00e9k a v\u00e1llalat minden ter\u00fclet\u00e9n a k\u00f6rnyezet- \u00e9s min\u0151s\u00e9gir\u00e1ny\u00edt\u00e1sra val\u00f3 \u00f6sszpontos\u00edt\u00e1st.","og_url":"https:\/\/www.buechl-gruppe.de\/hu\/news\/a-buechl-sikeresen-ujratanusitott-a-minoseg-es-a-koernyezetkoezpontusag-ismet-megerositest-nyert\/","og_site_name":"B\u00fcchl Gruppe","article_modified_time":"2026-03-16T10:35:49+00:00","og_image":[{"width":1772,"height":1181,"url":"https:\/\/www.buechl-gruppe.de\/wp-content\/uploads\/2025\/08\/Titelmotiv-News_BUeCHL-erfolgreich-rezertifiziert_07_2025-1.png","type":"image\/png"}],"twitter_card":"summary_large_image","twitter_misc":{"Becs\u00fclt olvas\u00e1si id\u0151":"1 perc"},"schema":{"@context":"https:\/\/schema.org","@graph":[{"@type":"WebPage","@id":"https:\/\/www.buechl-gruppe.de\/hu\/news\/a-buechl-sikeresen-ujratanusitott-a-minoseg-es-a-koernyezetkoezpontusag-ismet-megerositest-nyert\/","url":"https:\/\/www.buechl-gruppe.de\/hu\/news\/a-buechl-sikeresen-ujratanusitott-a-minoseg-es-a-koernyezetkoezpontusag-ismet-megerositest-nyert\/","name":"A B\u00dcCHL sikeresen \u00fajratan\u00fas\u00edtott - a min\u0151s\u00e9g \u00e9s a k\u00f6rnyezetk\u00f6zpont\u00fas\u00e1g ism\u00e9t meger\u0151s\u00edt\u00e9st nyert - B\u00fcchl Gruppe","isPartOf":{"@id":"https:\/\/www.buechl-gruppe.de\/#website"},"primaryImageOfPage":{"@id":"https:\/\/www.buechl-gruppe.de\/hu\/news\/a-buechl-sikeresen-ujratanusitott-a-minoseg-es-a-koernyezetkoezpontusag-ismet-megerositest-nyert\/#primaryimage"},"image":{"@id":"https:\/\/www.buechl-gruppe.de\/hu\/news\/a-buechl-sikeresen-ujratanusitott-a-minoseg-es-a-koernyezetkoezpontusag-ismet-megerositest-nyert\/#primaryimage"},"thumbnailUrl":"https:\/\/www.buechl-gruppe.de\/wp-content\/uploads\/2025\/08\/Titelmotiv-News_BUeCHL-erfolgreich-rezertifiziert_07_2025-1.png","datePublished":"2026-03-12T10:56:20+00:00","dateModified":"2026-03-16T10:35:49+00:00","description":"Nagy dics\u00e9ret a k\u00f6nyvvizsg\u00e1l\u00f3t\u00f3l. K\u00fcl\u00f6n\u00f6sen kiemelt\u00e9k a v\u00e1llalat minden ter\u00fclet\u00e9n a k\u00f6rnyezet- \u00e9s min\u0151s\u00e9gir\u00e1ny\u00edt\u00e1sra val\u00f3 \u00f6sszpontos\u00edt\u00e1st.","breadcrumb":{"@id":"https:\/\/www.buechl-gruppe.de\/hu\/news\/a-buechl-sikeresen-ujratanusitott-a-minoseg-es-a-koernyezetkoezpontusag-ismet-megerositest-nyert\/#breadcrumb"},"inLanguage":"hu","potentialAction":[{"@type":"ReadAction","target":["https:\/\/www.buechl-gruppe.de\/hu\/news\/a-buechl-sikeresen-ujratanusitott-a-minoseg-es-a-koernyezetkoezpontusag-ismet-megerositest-nyert\/"]}]},{"@type":"ImageObject","inLanguage":"hu","@id":"https:\/\/www.buechl-gruppe.de\/hu\/news\/a-buechl-sikeresen-ujratanusitott-a-minoseg-es-a-koernyezetkoezpontusag-ismet-megerositest-nyert\/#primaryimage","url":"https:\/\/www.buechl-gruppe.de\/wp-content\/uploads\/2025\/08\/Titelmotiv-News_BUeCHL-erfolgreich-rezertifiziert_07_2025-1.png","contentUrl":"https:\/\/www.buechl-gruppe.de\/wp-content\/uploads\/2025\/08\/Titelmotiv-News_BUeCHL-erfolgreich-rezertifiziert_07_2025-1.png","width":1772,"height":1181,"caption":"Titelmotiv News_B\u00dcCHL erfolgreich rezertifiziert_07_2025"},{"@type":"BreadcrumbList","@id":"https:\/\/www.buechl-gruppe.de\/hu\/news\/a-buechl-sikeresen-ujratanusitott-a-minoseg-es-a-koernyezetkoezpontusag-ismet-megerositest-nyert\/#breadcrumb","itemListElement":[{"@type":"ListItem","position":1,"name":"Startseite","item":"https:\/\/www.buechl-gruppe.de\/"},{"@type":"ListItem","position":2,"name":"News","item":"https:\/\/www.buechl-gruppe.de\/news\/"},{"@type":"ListItem","position":3,"name":"A B\u00dcCHL sikeresen \u00fajratan\u00fas\u00edtott &#8211; a min\u0151s\u00e9g \u00e9s a k\u00f6rnyezetk\u00f6zpont\u00fas\u00e1g ism\u00e9t meger\u0151s\u00edt\u00e9st nyert"}]},{"@type":"WebSite","@id":"https:\/\/www.buechl-gruppe.de\/#website","url":"https:\/\/www.buechl-gruppe.de\/","name":"B\u00fcchl Gruppe","description":"","publisher":{"@id":"https:\/\/www.buechl-gruppe.de\/#organization"},"potentialAction":[{"@type":"SearchAction","target":{"@type":"EntryPoint","urlTemplate":"https:\/\/www.buechl-gruppe.de\/?s={search_term_string}"},"query-input":{"@type":"PropertyValueSpecification","valueRequired":true,"valueName":"search_term_string"}}],"inLanguage":"hu"},{"@type":"Organization","@id":"https:\/\/www.buechl-gruppe.de\/#organization","name":"B\u00fcchl Gruppe","url":"https:\/\/www.buechl-gruppe.de\/","logo":{"@type":"ImageObject","inLanguage":"hu","@id":"https:\/\/www.buechl-gruppe.de\/#\/schema\/logo\/image\/","url":"https:\/\/www.buechl-gruppe.de\/wp-content\/uploads\/2024\/09\/Logos-4-1.png","contentUrl":"https:\/\/www.buechl-gruppe.de\/wp-content\/uploads\/2024\/09\/Logos-4-1.png","width":300,"height":98,"caption":"B\u00fcchl Gruppe"},"image":{"@id":"https:\/\/www.buechl-gruppe.de\/#\/schema\/logo\/image\/"}}]}},"_links":{"self":[{"href":"https:\/\/www.buechl-gruppe.de\/hu\/wp-json\/wp\/v2\/news\/10288","targetHints":{"allow":["GET"]}}],"collection":[{"href":"https:\/\/www.buechl-gruppe.de\/hu\/wp-json\/wp\/v2\/news"}],"about":[{"href":"https:\/\/www.buechl-gruppe.de\/hu\/wp-json\/wp\/v2\/types\/news"}],"wp:featuredmedia":[{"embeddable":true,"href":"https:\/\/www.buechl-gruppe.de\/hu\/wp-json\/wp\/v2\/media\/9675"}],"wp:attachment":[{"href":"https:\/\/www.buechl-gruppe.de\/hu\/wp-json\/wp\/v2\/media?parent=10288"}],"wp:term":[{"taxonomy":"veroffentlichen-auf","embeddable":true,"href":"https:\/\/www.buechl-gruppe.de\/hu\/wp-json\/wp\/v2\/veroffentlichen-auf?post=10288"},{"taxonomy":"kategorie-news","embeddable":true,"href":"https:\/\/www.buechl-gruppe.de\/hu\/wp-json\/wp\/v2\/kategorie-news?post=10288"}],"curies":[{"name":"wp","href":"https:\/\/api.w.org\/{rel}","templated":true}]}}