{"id":10282,"date":"2026-03-05T11:15:53","date_gmt":"2026-03-05T10:15:53","guid":{"rendered":"https:\/\/www.buechl-gruppe.de\/news\/a-bioin-elinditja-a-kelheimi-jaras-biohulladekanak-hasznositasat\/"},"modified":"2026-03-05T13:08:45","modified_gmt":"2026-03-05T12:08:45","slug":"a-bioin-elinditja-a-kelheimi-jaras-biohulladekanak-hasznositasat","status":"publish","type":"news","link":"https:\/\/www.buechl-gruppe.de\/hu\/news\/a-bioin-elinditja-a-kelheimi-jaras-biohulladekanak-hasznositasat\/","title":{"rendered":"A BioIN elind\u00edtja a kelheimi j\u00e1r\u00e1s biohullad\u00e9k\u00e1nak hasznos\u00edt\u00e1s\u00e1t"},"content":{"rendered":"\n<p>2026 janu\u00e1rj\u00e1t\u00f3l a BioIN a biohullad\u00e9k \u00fajrahasznos\u00edt\u00e1s\u00e1nak szerz\u0151d\u00e9ses partnere Kelheim k\u00f6rzet\u00e9ben. Ezt a szerz\u0151d\u00e9st egy partnerc\u00e9ggel egy\u00fctt az Eichst\u00e4tt ker\u00fcletre vonatkoz\u00f3 szerz\u0151d\u00e9ssel p\u00e1rhuzamosan k\u00f6t\u00f6tt\u00e9k meg.<\/p>\n\n<p>Ez biztos\u00edtja, hogy minden gy\u0171jt\u0151j\u00e1rm\u0171 k\u00f6zvetlen\u00fcl \u00e9s \u00e1trakod\u00e1s n\u00e9lk\u00fcl tudja kirakodni a polg\u00e1rokt\u00f3l begy\u0171jt\u00f6tt biohullad\u00e9kot az \u00fajrahasznos\u00edt\u00f3 \u00fczemekben. A biohullad\u00e9kot a sz\u00e1ll\u00edt\u00e1skor a n\u00e9met biohullad\u00e9k-rendelet (BioAbfV) 2025 \u00f3ta hat\u00e1lyos ellen\u0151rz\u00e9si \u00e9rt\u00e9keinek megfelel\u0151en ellen\u0151rzik. A Kelheim \u00e9s Eichst\u00e4tt k\u00f6rzetekb\u0151l sz\u00e1rmaz\u00f3, t\u00falnyom\u00f3r\u00e9szt vid\u00e9ki ter\u00fcletekr\u0151l sz\u00e1rmaz\u00f3 biohullad\u00e9k min\u0151s\u00e9ge eddig m\u00e9g nem adott okot visszautas\u00edt\u00e1sra.  <\/p>\n\n<p>A BioIN 2026-ban M\u00fcnchen v\u00e1ros \u00e9s az Alb-Donau ker\u00fclet biohullad\u00e9k\u00e1nak egy r\u00e9sz\u00e9t is feldolgozza. A BioIN fenntarthat\u00f3 energi\u00e1t \u00e1ll\u00edt el\u0151 a besz\u00e1ll\u00edtott biohullad\u00e9kb\u00f3l, min\u0151s\u00e9gi komposztot termel, \u00e9s t\u00e1panyagban gazdag foly\u00e9kony tr\u00e1gy\u00e1t biztos\u00edt a mez\u0151gazdas\u00e1g sz\u00e1m\u00e1ra. <\/p>\n\n<p><\/p>\n","protected":false},"featured_media":10281,"template":"","meta":{"wichtig":""},"veroffentlichen-auf":[27],"kategorie-news":[40,26,34,36,37],"class_list":["post-10282","news","type-news","status-publish","has-post-thumbnail","hentry","veroffentlichen-auf-buechl-gruppe","kategorie-news-geschaeftsentwicklung","kategorie-news-innovativer-partner","kategorie-news-nachhaltigkeit-klimaschutz","kategorie-news-ressourceneffizienz","kategorie-news-smarte-logistik"],"yoast_head":"<!-- This site is optimized with the Yoast SEO plugin v27.3 - https:\/\/yoast.com\/product\/yoast-seo-wordpress\/ -->\n<title>A BioIN elind\u00edtja a kelheimi j\u00e1r\u00e1s biohullad\u00e9k\u00e1nak hasznos\u00edt\u00e1s\u00e1t - B\u00fcchl Gruppe<\/title>\n<meta name=\"description\" content=\"2026 janu\u00e1rj\u00e1t\u00f3l a BioIN a biohullad\u00e9k \u00fajrahasznos\u00edt\u00e1s\u00e1nak szerz\u0151d\u00e9ses partnere Kelheim k\u00f6rzet\u00e9ben.\" \/>\n<meta name=\"robots\" content=\"index, follow, max-snippet:-1, max-image-preview:large, max-video-preview:-1\" \/>\n<link rel=\"canonical\" href=\"https:\/\/www.buechl-gruppe.de\/hu\/news\/a-bioin-elinditja-a-kelheimi-jaras-biohulladekanak-hasznositasat\/\" \/>\n<meta property=\"og:locale\" content=\"hu_HU\" \/>\n<meta property=\"og:type\" content=\"article\" \/>\n<meta property=\"og:title\" content=\"A BioIN elind\u00edtja a kelheimi j\u00e1r\u00e1s biohullad\u00e9k\u00e1nak hasznos\u00edt\u00e1s\u00e1t - B\u00fcchl Gruppe\" \/>\n<meta property=\"og:description\" content=\"2026 janu\u00e1rj\u00e1t\u00f3l a BioIN a biohullad\u00e9k \u00fajrahasznos\u00edt\u00e1s\u00e1nak szerz\u0151d\u00e9ses partnere Kelheim k\u00f6rzet\u00e9ben.\" \/>\n<meta property=\"og:url\" content=\"https:\/\/www.buechl-gruppe.de\/hu\/news\/a-bioin-elinditja-a-kelheimi-jaras-biohulladekanak-hasznositasat\/\" \/>\n<meta property=\"og:site_name\" content=\"B\u00fcchl Gruppe\" \/>\n<meta property=\"article:modified_time\" content=\"2026-03-05T12:08:45+00:00\" \/>\n<meta property=\"og:image\" content=\"https:\/\/www.buechl-gruppe.de\/wp-content\/uploads\/2026\/03\/Bild_BioIN-Vertragspartner-Landkreis-Kehlheim_Januar-2026.jpg\" \/>\n\t<meta property=\"og:image:width\" content=\"640\" \/>\n\t<meta property=\"og:image:height\" content=\"480\" \/>\n\t<meta property=\"og:image:type\" content=\"image\/jpeg\" \/>\n<meta name=\"twitter:card\" content=\"summary_large_image\" \/>\n<meta name=\"twitter:label1\" content=\"Becs\u00fclt olvas\u00e1si id\u0151\" \/>\n\t<meta name=\"twitter:data1\" content=\"1 perc\" \/>\n<script type=\"application\/ld+json\" class=\"yoast-schema-graph\">{\"@context\":\"https:\\\/\\\/schema.org\",\"@graph\":[{\"@type\":\"WebPage\",\"@id\":\"https:\\\/\\\/www.buechl-gruppe.de\\\/hu\\\/news\\\/a-bioin-elinditja-a-kelheimi-jaras-biohulladekanak-hasznositasat\\\/\",\"url\":\"https:\\\/\\\/www.buechl-gruppe.de\\\/hu\\\/news\\\/a-bioin-elinditja-a-kelheimi-jaras-biohulladekanak-hasznositasat\\\/\",\"name\":\"A BioIN elind\u00edtja a kelheimi j\u00e1r\u00e1s biohullad\u00e9k\u00e1nak hasznos\u00edt\u00e1s\u00e1t - B\u00fcchl Gruppe\",\"isPartOf\":{\"@id\":\"https:\\\/\\\/www.buechl-gruppe.de\\\/#website\"},\"primaryImageOfPage\":{\"@id\":\"https:\\\/\\\/www.buechl-gruppe.de\\\/hu\\\/news\\\/a-bioin-elinditja-a-kelheimi-jaras-biohulladekanak-hasznositasat\\\/#primaryimage\"},\"image\":{\"@id\":\"https:\\\/\\\/www.buechl-gruppe.de\\\/hu\\\/news\\\/a-bioin-elinditja-a-kelheimi-jaras-biohulladekanak-hasznositasat\\\/#primaryimage\"},\"thumbnailUrl\":\"https:\\\/\\\/www.buechl-gruppe.de\\\/wp-content\\\/uploads\\\/2026\\\/03\\\/Bild_BioIN-Vertragspartner-Landkreis-Kehlheim_Januar-2026.jpg\",\"datePublished\":\"2026-03-05T10:15:53+00:00\",\"dateModified\":\"2026-03-05T12:08:45+00:00\",\"description\":\"2026 janu\u00e1rj\u00e1t\u00f3l a BioIN a biohullad\u00e9k \u00fajrahasznos\u00edt\u00e1s\u00e1nak szerz\u0151d\u00e9ses partnere Kelheim k\u00f6rzet\u00e9ben.\",\"breadcrumb\":{\"@id\":\"https:\\\/\\\/www.buechl-gruppe.de\\\/hu\\\/news\\\/a-bioin-elinditja-a-kelheimi-jaras-biohulladekanak-hasznositasat\\\/#breadcrumb\"},\"inLanguage\":\"hu\",\"potentialAction\":[{\"@type\":\"ReadAction\",\"target\":[\"https:\\\/\\\/www.buechl-gruppe.de\\\/hu\\\/news\\\/a-bioin-elinditja-a-kelheimi-jaras-biohulladekanak-hasznositasat\\\/\"]}]},{\"@type\":\"ImageObject\",\"inLanguage\":\"hu\",\"@id\":\"https:\\\/\\\/www.buechl-gruppe.de\\\/hu\\\/news\\\/a-bioin-elinditja-a-kelheimi-jaras-biohulladekanak-hasznositasat\\\/#primaryimage\",\"url\":\"https:\\\/\\\/www.buechl-gruppe.de\\\/wp-content\\\/uploads\\\/2026\\\/03\\\/Bild_BioIN-Vertragspartner-Landkreis-Kehlheim_Januar-2026.jpg\",\"contentUrl\":\"https:\\\/\\\/www.buechl-gruppe.de\\\/wp-content\\\/uploads\\\/2026\\\/03\\\/Bild_BioIN-Vertragspartner-Landkreis-Kehlheim_Januar-2026.jpg\",\"width\":640,\"height\":480,\"caption\":\"Bild_BioIN Vertragspartner Landkreis Kehlheim_Januar 2026\"},{\"@type\":\"BreadcrumbList\",\"@id\":\"https:\\\/\\\/www.buechl-gruppe.de\\\/hu\\\/news\\\/a-bioin-elinditja-a-kelheimi-jaras-biohulladekanak-hasznositasat\\\/#breadcrumb\",\"itemListElement\":[{\"@type\":\"ListItem\",\"position\":1,\"name\":\"Startseite\",\"item\":\"https:\\\/\\\/www.buechl-gruppe.de\\\/\"},{\"@type\":\"ListItem\",\"position\":2,\"name\":\"News\",\"item\":\"https:\\\/\\\/www.buechl-gruppe.de\\\/news\\\/\"},{\"@type\":\"ListItem\",\"position\":3,\"name\":\"A BioIN elind\u00edtja a kelheimi j\u00e1r\u00e1s biohullad\u00e9k\u00e1nak hasznos\u00edt\u00e1s\u00e1t\"}]},{\"@type\":\"WebSite\",\"@id\":\"https:\\\/\\\/www.buechl-gruppe.de\\\/#website\",\"url\":\"https:\\\/\\\/www.buechl-gruppe.de\\\/\",\"name\":\"B\u00fcchl Gruppe\",\"description\":\"\",\"publisher\":{\"@id\":\"https:\\\/\\\/www.buechl-gruppe.de\\\/#organization\"},\"potentialAction\":[{\"@type\":\"SearchAction\",\"target\":{\"@type\":\"EntryPoint\",\"urlTemplate\":\"https:\\\/\\\/www.buechl-gruppe.de\\\/?s={search_term_string}\"},\"query-input\":{\"@type\":\"PropertyValueSpecification\",\"valueRequired\":true,\"valueName\":\"search_term_string\"}}],\"inLanguage\":\"hu\"},{\"@type\":\"Organization\",\"@id\":\"https:\\\/\\\/www.buechl-gruppe.de\\\/#organization\",\"name\":\"B\u00fcchl Gruppe\",\"url\":\"https:\\\/\\\/www.buechl-gruppe.de\\\/\",\"logo\":{\"@type\":\"ImageObject\",\"inLanguage\":\"hu\",\"@id\":\"https:\\\/\\\/www.buechl-gruppe.de\\\/#\\\/schema\\\/logo\\\/image\\\/\",\"url\":\"https:\\\/\\\/www.buechl-gruppe.de\\\/wp-content\\\/uploads\\\/2024\\\/09\\\/Logos-4-1.png\",\"contentUrl\":\"https:\\\/\\\/www.buechl-gruppe.de\\\/wp-content\\\/uploads\\\/2024\\\/09\\\/Logos-4-1.png\",\"width\":300,\"height\":98,\"caption\":\"B\u00fcchl Gruppe\"},\"image\":{\"@id\":\"https:\\\/\\\/www.buechl-gruppe.de\\\/#\\\/schema\\\/logo\\\/image\\\/\"}}]}<\/script>\n<!-- \/ Yoast SEO plugin. -->","yoast_head_json":{"title":"A BioIN elind\u00edtja a kelheimi j\u00e1r\u00e1s biohullad\u00e9k\u00e1nak hasznos\u00edt\u00e1s\u00e1t - B\u00fcchl Gruppe","description":"2026 janu\u00e1rj\u00e1t\u00f3l a BioIN a biohullad\u00e9k \u00fajrahasznos\u00edt\u00e1s\u00e1nak szerz\u0151d\u00e9ses partnere Kelheim k\u00f6rzet\u00e9ben.","robots":{"index":"index","follow":"follow","max-snippet":"max-snippet:-1","max-image-preview":"max-image-preview:large","max-video-preview":"max-video-preview:-1"},"canonical":"https:\/\/www.buechl-gruppe.de\/hu\/news\/a-bioin-elinditja-a-kelheimi-jaras-biohulladekanak-hasznositasat\/","og_locale":"hu_HU","og_type":"article","og_title":"A BioIN elind\u00edtja a kelheimi j\u00e1r\u00e1s biohullad\u00e9k\u00e1nak hasznos\u00edt\u00e1s\u00e1t - B\u00fcchl Gruppe","og_description":"2026 janu\u00e1rj\u00e1t\u00f3l a BioIN a biohullad\u00e9k \u00fajrahasznos\u00edt\u00e1s\u00e1nak szerz\u0151d\u00e9ses partnere Kelheim k\u00f6rzet\u00e9ben.","og_url":"https:\/\/www.buechl-gruppe.de\/hu\/news\/a-bioin-elinditja-a-kelheimi-jaras-biohulladekanak-hasznositasat\/","og_site_name":"B\u00fcchl Gruppe","article_modified_time":"2026-03-05T12:08:45+00:00","og_image":[{"width":640,"height":480,"url":"https:\/\/www.buechl-gruppe.de\/wp-content\/uploads\/2026\/03\/Bild_BioIN-Vertragspartner-Landkreis-Kehlheim_Januar-2026.jpg","type":"image\/jpeg"}],"twitter_card":"summary_large_image","twitter_misc":{"Becs\u00fclt olvas\u00e1si id\u0151":"1 perc"},"schema":{"@context":"https:\/\/schema.org","@graph":[{"@type":"WebPage","@id":"https:\/\/www.buechl-gruppe.de\/hu\/news\/a-bioin-elinditja-a-kelheimi-jaras-biohulladekanak-hasznositasat\/","url":"https:\/\/www.buechl-gruppe.de\/hu\/news\/a-bioin-elinditja-a-kelheimi-jaras-biohulladekanak-hasznositasat\/","name":"A BioIN elind\u00edtja a kelheimi j\u00e1r\u00e1s biohullad\u00e9k\u00e1nak hasznos\u00edt\u00e1s\u00e1t - B\u00fcchl Gruppe","isPartOf":{"@id":"https:\/\/www.buechl-gruppe.de\/#website"},"primaryImageOfPage":{"@id":"https:\/\/www.buechl-gruppe.de\/hu\/news\/a-bioin-elinditja-a-kelheimi-jaras-biohulladekanak-hasznositasat\/#primaryimage"},"image":{"@id":"https:\/\/www.buechl-gruppe.de\/hu\/news\/a-bioin-elinditja-a-kelheimi-jaras-biohulladekanak-hasznositasat\/#primaryimage"},"thumbnailUrl":"https:\/\/www.buechl-gruppe.de\/wp-content\/uploads\/2026\/03\/Bild_BioIN-Vertragspartner-Landkreis-Kehlheim_Januar-2026.jpg","datePublished":"2026-03-05T10:15:53+00:00","dateModified":"2026-03-05T12:08:45+00:00","description":"2026 janu\u00e1rj\u00e1t\u00f3l a BioIN a biohullad\u00e9k \u00fajrahasznos\u00edt\u00e1s\u00e1nak szerz\u0151d\u00e9ses partnere Kelheim k\u00f6rzet\u00e9ben.","breadcrumb":{"@id":"https:\/\/www.buechl-gruppe.de\/hu\/news\/a-bioin-elinditja-a-kelheimi-jaras-biohulladekanak-hasznositasat\/#breadcrumb"},"inLanguage":"hu","potentialAction":[{"@type":"ReadAction","target":["https:\/\/www.buechl-gruppe.de\/hu\/news\/a-bioin-elinditja-a-kelheimi-jaras-biohulladekanak-hasznositasat\/"]}]},{"@type":"ImageObject","inLanguage":"hu","@id":"https:\/\/www.buechl-gruppe.de\/hu\/news\/a-bioin-elinditja-a-kelheimi-jaras-biohulladekanak-hasznositasat\/#primaryimage","url":"https:\/\/www.buechl-gruppe.de\/wp-content\/uploads\/2026\/03\/Bild_BioIN-Vertragspartner-Landkreis-Kehlheim_Januar-2026.jpg","contentUrl":"https:\/\/www.buechl-gruppe.de\/wp-content\/uploads\/2026\/03\/Bild_BioIN-Vertragspartner-Landkreis-Kehlheim_Januar-2026.jpg","width":640,"height":480,"caption":"Bild_BioIN Vertragspartner Landkreis Kehlheim_Januar 2026"},{"@type":"BreadcrumbList","@id":"https:\/\/www.buechl-gruppe.de\/hu\/news\/a-bioin-elinditja-a-kelheimi-jaras-biohulladekanak-hasznositasat\/#breadcrumb","itemListElement":[{"@type":"ListItem","position":1,"name":"Startseite","item":"https:\/\/www.buechl-gruppe.de\/"},{"@type":"ListItem","position":2,"name":"News","item":"https:\/\/www.buechl-gruppe.de\/news\/"},{"@type":"ListItem","position":3,"name":"A BioIN elind\u00edtja a kelheimi j\u00e1r\u00e1s biohullad\u00e9k\u00e1nak hasznos\u00edt\u00e1s\u00e1t"}]},{"@type":"WebSite","@id":"https:\/\/www.buechl-gruppe.de\/#website","url":"https:\/\/www.buechl-gruppe.de\/","name":"B\u00fcchl Gruppe","description":"","publisher":{"@id":"https:\/\/www.buechl-gruppe.de\/#organization"},"potentialAction":[{"@type":"SearchAction","target":{"@type":"EntryPoint","urlTemplate":"https:\/\/www.buechl-gruppe.de\/?s={search_term_string}"},"query-input":{"@type":"PropertyValueSpecification","valueRequired":true,"valueName":"search_term_string"}}],"inLanguage":"hu"},{"@type":"Organization","@id":"https:\/\/www.buechl-gruppe.de\/#organization","name":"B\u00fcchl Gruppe","url":"https:\/\/www.buechl-gruppe.de\/","logo":{"@type":"ImageObject","inLanguage":"hu","@id":"https:\/\/www.buechl-gruppe.de\/#\/schema\/logo\/image\/","url":"https:\/\/www.buechl-gruppe.de\/wp-content\/uploads\/2024\/09\/Logos-4-1.png","contentUrl":"https:\/\/www.buechl-gruppe.de\/wp-content\/uploads\/2024\/09\/Logos-4-1.png","width":300,"height":98,"caption":"B\u00fcchl Gruppe"},"image":{"@id":"https:\/\/www.buechl-gruppe.de\/#\/schema\/logo\/image\/"}}]}},"_links":{"self":[{"href":"https:\/\/www.buechl-gruppe.de\/hu\/wp-json\/wp\/v2\/news\/10282","targetHints":{"allow":["GET"]}}],"collection":[{"href":"https:\/\/www.buechl-gruppe.de\/hu\/wp-json\/wp\/v2\/news"}],"about":[{"href":"https:\/\/www.buechl-gruppe.de\/hu\/wp-json\/wp\/v2\/types\/news"}],"wp:featuredmedia":[{"embeddable":true,"href":"https:\/\/www.buechl-gruppe.de\/hu\/wp-json\/wp\/v2\/media\/10281"}],"wp:attachment":[{"href":"https:\/\/www.buechl-gruppe.de\/hu\/wp-json\/wp\/v2\/media?parent=10282"}],"wp:term":[{"taxonomy":"veroffentlichen-auf","embeddable":true,"href":"https:\/\/www.buechl-gruppe.de\/hu\/wp-json\/wp\/v2\/veroffentlichen-auf?post=10282"},{"taxonomy":"kategorie-news","embeddable":true,"href":"https:\/\/www.buechl-gruppe.de\/hu\/wp-json\/wp\/v2\/kategorie-news?post=10282"}],"curies":[{"name":"wp","href":"https:\/\/api.w.org\/{rel}","templated":true}]}}