{"id":10276,"date":"2026-03-03T09:49:22","date_gmt":"2026-03-03T08:49:22","guid":{"rendered":"https:\/\/www.buechl-gruppe.de\/news\/az-elogplan-gmbh-sikeresen-megvaltoztatja-nevet-cleversystems-gmbh-ra\/"},"modified":"2026-03-03T09:49:32","modified_gmt":"2026-03-03T08:49:32","slug":"az-elogplan-gmbh-sikeresen-megvaltoztatja-nevet-cleversystems-gmbh-ra","status":"publish","type":"news","link":"https:\/\/www.buechl-gruppe.de\/hu\/news\/az-elogplan-gmbh-sikeresen-megvaltoztatja-nevet-cleversystems-gmbh-ra\/","title":{"rendered":"Az ELOGplan GmbH sikeresen megv\u00e1ltoztatja nev\u00e9t CleverSystems GmbH-ra"},"content":{"rendered":"\n<p>Az ELOGplan GmbH n\u00e9vv\u00e1ltoztat\u00e1sa CleverSystems GmbH-ra sikeresen lez\u00e1rult. Az \u00faj n\u00e9v hangs\u00falyozza a v\u00e1llalat strat\u00e9giai ir\u00e1nyults\u00e1g\u00e1t \u00e9s azt, hogy egy\u00e9rtelm\u0171en a CleverWaste\u00ae szoftvermegold\u00e1s tov\u00e1bbfejleszt\u00e9s\u00e9re \u00e9s \u00e9rt\u00e9kes\u00edt\u00e9s\u00e9re \u00f6sszpontos\u00edt. <\/p>\n\n<p>Az \u00e1tszervez\u00e9s r\u00e9szek\u00e9nt a kor\u00e1bbi ELOGplan tan\u00e1csad\u00f3i szolg\u00e1ltat\u00e1sokat is kiv\u00e1ltott\u00e1k az inas &#8211; Institute for Applied Sustainability-be. A &#8222;szoftverh\u00e1zk\u00e9nt&#8221; az alaptev\u00e9kenys\u00e9gre val\u00f3 \u00f6sszpontos\u00edt\u00e1s k\u00f6vetkezetes \u00e9s logikus l\u00e9p\u00e9s a kompetenci\u00e1k c\u00e9lzottan t\u00f6rt\u00e9n\u0151 \u00f6sszpontos\u00edt\u00e1sa \u00e9s az innov\u00e1ci\u00f3s er\u0151 tov\u00e1bbi er\u0151s\u00edt\u00e9se fel\u00e9. <\/p>\n\n<p>A CleverSystems meg van gy\u0151z\u0151dve arr\u00f3l, hogy ez az egy\u00e9rtelm\u0171 \u00f6sszpontos\u00edt\u00e1s mind a megl\u00e9v\u0151, mind a j\u00f6v\u0151beli \u00fcgyfelek sz\u00e1m\u00e1ra el\u0151ny\u00f6s lesz. A specializ\u00e1ci\u00f3 r\u00e9v\u00e9n a fejleszt\u00e9si folyamatok tov\u00e1bb optimaliz\u00e1lhat\u00f3k, a szolg\u00e1ltat\u00e1sok b\u0151v\u00edthet\u0151k, a szoftvermegold\u00e1sok pedig m\u00e9g pontosabban a piaci ig\u00e9nyekhez igaz\u00edthat\u00f3k. <\/p>\n\n<p>Most, hogy a k\u00fcls\u0151 h\u0151m\u00e9rs\u00e9klet lehet\u0151v\u00e9 teszi, az ingolstadti Robert-Bosch-Stra\u00dfe 6. sz\u00e1m alatti telephelyen a c\u00edmk\u00e9z\u00e9st ennek megfelel\u0151en alak\u00edtottuk \u00e1t.<\/p>\n\n<p><\/p>\n","protected":false},"featured_media":10275,"template":"","meta":{"wichtig":""},"veroffentlichen-auf":[27],"kategorie-news":[35,40,26,33,39],"class_list":["post-10276","news","type-news","status-publish","has-post-thumbnail","hentry","veroffentlichen-auf-buechl-gruppe","kategorie-news-digitalisierung","kategorie-news-geschaeftsentwicklung","kategorie-news-innovativer-partner","kategorie-news-moderner-arbeitgeber","kategorie-news-wichtig-fuer-kunden"],"yoast_head":"<!-- This site is optimized with the Yoast SEO plugin v27.3 - https:\/\/yoast.com\/product\/yoast-seo-wordpress\/ -->\n<title>Az ELOGplan GmbH sikeresen megv\u00e1ltoztatja nev\u00e9t CleverSystems GmbH-ra - B\u00fcchl Gruppe<\/title>\n<meta name=\"description\" content=\"A &quot;szoftverh\u00e1zk\u00e9nt&quot; az alaptev\u00e9kenys\u00e9gre val\u00f3 \u00f6sszpontos\u00edt\u00e1s k\u00f6vetkezetes \u00e9s logikus l\u00e9p\u00e9s a kompetenci\u00e1k c\u00e9lzott \u00f6sszpontos\u00edt\u00e1sa \u00e9s az innov\u00e1ci\u00f3s er\u0151 tov\u00e1bbi er\u0151s\u00edt\u00e9se \u00e9rdek\u00e9ben.\" \/>\n<meta name=\"robots\" content=\"index, follow, max-snippet:-1, max-image-preview:large, max-video-preview:-1\" \/>\n<link rel=\"canonical\" href=\"https:\/\/www.buechl-gruppe.de\/hu\/news\/az-elogplan-gmbh-sikeresen-megvaltoztatja-nevet-cleversystems-gmbh-ra\/\" \/>\n<meta property=\"og:locale\" content=\"hu_HU\" \/>\n<meta property=\"og:type\" content=\"article\" \/>\n<meta property=\"og:title\" content=\"Az ELOGplan GmbH sikeresen megv\u00e1ltoztatja nev\u00e9t CleverSystems GmbH-ra - B\u00fcchl Gruppe\" \/>\n<meta property=\"og:description\" content=\"A &quot;szoftverh\u00e1zk\u00e9nt&quot; az alaptev\u00e9kenys\u00e9gre val\u00f3 \u00f6sszpontos\u00edt\u00e1s k\u00f6vetkezetes \u00e9s logikus l\u00e9p\u00e9s a kompetenci\u00e1k c\u00e9lzott \u00f6sszpontos\u00edt\u00e1sa \u00e9s az innov\u00e1ci\u00f3s er\u0151 tov\u00e1bbi er\u0151s\u00edt\u00e9se \u00e9rdek\u00e9ben.\" \/>\n<meta property=\"og:url\" content=\"https:\/\/www.buechl-gruppe.de\/hu\/news\/az-elogplan-gmbh-sikeresen-megvaltoztatja-nevet-cleversystems-gmbh-ra\/\" \/>\n<meta property=\"og:site_name\" content=\"B\u00fcchl Gruppe\" \/>\n<meta property=\"article:modified_time\" content=\"2026-03-03T08:49:32+00:00\" \/>\n<meta property=\"og:image\" content=\"https:\/\/www.buechl-gruppe.de\/wp-content\/uploads\/2026\/03\/CleverSystems_Robert-Bosch-Strasse-6_Ingolstadt_02.2026-scaled-e1772527320561.jpg\" \/>\n\t<meta property=\"og:image:width\" content=\"2560\" \/>\n\t<meta property=\"og:image:height\" content=\"1440\" \/>\n\t<meta property=\"og:image:type\" content=\"image\/jpeg\" \/>\n<meta name=\"twitter:card\" content=\"summary_large_image\" \/>\n<meta name=\"twitter:label1\" content=\"Becs\u00fclt olvas\u00e1si id\u0151\" \/>\n\t<meta name=\"twitter:data1\" content=\"1 perc\" \/>\n<script type=\"application\/ld+json\" class=\"yoast-schema-graph\">{\"@context\":\"https:\\\/\\\/schema.org\",\"@graph\":[{\"@type\":\"WebPage\",\"@id\":\"https:\\\/\\\/www.buechl-gruppe.de\\\/hu\\\/news\\\/az-elogplan-gmbh-sikeresen-megvaltoztatja-nevet-cleversystems-gmbh-ra\\\/\",\"url\":\"https:\\\/\\\/www.buechl-gruppe.de\\\/hu\\\/news\\\/az-elogplan-gmbh-sikeresen-megvaltoztatja-nevet-cleversystems-gmbh-ra\\\/\",\"name\":\"Az ELOGplan GmbH sikeresen megv\u00e1ltoztatja nev\u00e9t CleverSystems GmbH-ra - B\u00fcchl Gruppe\",\"isPartOf\":{\"@id\":\"https:\\\/\\\/www.buechl-gruppe.de\\\/#website\"},\"primaryImageOfPage\":{\"@id\":\"https:\\\/\\\/www.buechl-gruppe.de\\\/hu\\\/news\\\/az-elogplan-gmbh-sikeresen-megvaltoztatja-nevet-cleversystems-gmbh-ra\\\/#primaryimage\"},\"image\":{\"@id\":\"https:\\\/\\\/www.buechl-gruppe.de\\\/hu\\\/news\\\/az-elogplan-gmbh-sikeresen-megvaltoztatja-nevet-cleversystems-gmbh-ra\\\/#primaryimage\"},\"thumbnailUrl\":\"https:\\\/\\\/www.buechl-gruppe.de\\\/wp-content\\\/uploads\\\/2026\\\/03\\\/CleverSystems_Robert-Bosch-Strasse-6_Ingolstadt_02.2026-scaled-e1772527320561.jpg\",\"datePublished\":\"2026-03-03T08:49:22+00:00\",\"dateModified\":\"2026-03-03T08:49:32+00:00\",\"description\":\"A \\\"szoftverh\u00e1zk\u00e9nt\\\" az alaptev\u00e9kenys\u00e9gre val\u00f3 \u00f6sszpontos\u00edt\u00e1s k\u00f6vetkezetes \u00e9s logikus l\u00e9p\u00e9s a kompetenci\u00e1k c\u00e9lzott \u00f6sszpontos\u00edt\u00e1sa \u00e9s az innov\u00e1ci\u00f3s er\u0151 tov\u00e1bbi er\u0151s\u00edt\u00e9se \u00e9rdek\u00e9ben.\",\"breadcrumb\":{\"@id\":\"https:\\\/\\\/www.buechl-gruppe.de\\\/hu\\\/news\\\/az-elogplan-gmbh-sikeresen-megvaltoztatja-nevet-cleversystems-gmbh-ra\\\/#breadcrumb\"},\"inLanguage\":\"hu\",\"potentialAction\":[{\"@type\":\"ReadAction\",\"target\":[\"https:\\\/\\\/www.buechl-gruppe.de\\\/hu\\\/news\\\/az-elogplan-gmbh-sikeresen-megvaltoztatja-nevet-cleversystems-gmbh-ra\\\/\"]}]},{\"@type\":\"ImageObject\",\"inLanguage\":\"hu\",\"@id\":\"https:\\\/\\\/www.buechl-gruppe.de\\\/hu\\\/news\\\/az-elogplan-gmbh-sikeresen-megvaltoztatja-nevet-cleversystems-gmbh-ra\\\/#primaryimage\",\"url\":\"https:\\\/\\\/www.buechl-gruppe.de\\\/wp-content\\\/uploads\\\/2026\\\/03\\\/CleverSystems_Robert-Bosch-Strasse-6_Ingolstadt_02.2026-scaled-e1772527320561.jpg\",\"contentUrl\":\"https:\\\/\\\/www.buechl-gruppe.de\\\/wp-content\\\/uploads\\\/2026\\\/03\\\/CleverSystems_Robert-Bosch-Strasse-6_Ingolstadt_02.2026-scaled-e1772527320561.jpg\",\"width\":2560,\"height\":1440,\"caption\":\"CleverSystems_Robert-Bosch-Stra\u00dfe 6_Ingolstadt_02.2026\"},{\"@type\":\"BreadcrumbList\",\"@id\":\"https:\\\/\\\/www.buechl-gruppe.de\\\/hu\\\/news\\\/az-elogplan-gmbh-sikeresen-megvaltoztatja-nevet-cleversystems-gmbh-ra\\\/#breadcrumb\",\"itemListElement\":[{\"@type\":\"ListItem\",\"position\":1,\"name\":\"Startseite\",\"item\":\"https:\\\/\\\/www.buechl-gruppe.de\\\/\"},{\"@type\":\"ListItem\",\"position\":2,\"name\":\"News\",\"item\":\"https:\\\/\\\/www.buechl-gruppe.de\\\/news\\\/\"},{\"@type\":\"ListItem\",\"position\":3,\"name\":\"Az ELOGplan GmbH sikeresen megv\u00e1ltoztatja nev\u00e9t CleverSystems GmbH-ra\"}]},{\"@type\":\"WebSite\",\"@id\":\"https:\\\/\\\/www.buechl-gruppe.de\\\/#website\",\"url\":\"https:\\\/\\\/www.buechl-gruppe.de\\\/\",\"name\":\"B\u00fcchl Gruppe\",\"description\":\"\",\"publisher\":{\"@id\":\"https:\\\/\\\/www.buechl-gruppe.de\\\/#organization\"},\"potentialAction\":[{\"@type\":\"SearchAction\",\"target\":{\"@type\":\"EntryPoint\",\"urlTemplate\":\"https:\\\/\\\/www.buechl-gruppe.de\\\/?s={search_term_string}\"},\"query-input\":{\"@type\":\"PropertyValueSpecification\",\"valueRequired\":true,\"valueName\":\"search_term_string\"}}],\"inLanguage\":\"hu\"},{\"@type\":\"Organization\",\"@id\":\"https:\\\/\\\/www.buechl-gruppe.de\\\/#organization\",\"name\":\"B\u00fcchl Gruppe\",\"url\":\"https:\\\/\\\/www.buechl-gruppe.de\\\/\",\"logo\":{\"@type\":\"ImageObject\",\"inLanguage\":\"hu\",\"@id\":\"https:\\\/\\\/www.buechl-gruppe.de\\\/#\\\/schema\\\/logo\\\/image\\\/\",\"url\":\"https:\\\/\\\/www.buechl-gruppe.de\\\/wp-content\\\/uploads\\\/2024\\\/09\\\/Logos-4-1.png\",\"contentUrl\":\"https:\\\/\\\/www.buechl-gruppe.de\\\/wp-content\\\/uploads\\\/2024\\\/09\\\/Logos-4-1.png\",\"width\":300,\"height\":98,\"caption\":\"B\u00fcchl Gruppe\"},\"image\":{\"@id\":\"https:\\\/\\\/www.buechl-gruppe.de\\\/#\\\/schema\\\/logo\\\/image\\\/\"}}]}<\/script>\n<!-- \/ Yoast SEO plugin. -->","yoast_head_json":{"title":"Az ELOGplan GmbH sikeresen megv\u00e1ltoztatja nev\u00e9t CleverSystems GmbH-ra - B\u00fcchl Gruppe","description":"A \"szoftverh\u00e1zk\u00e9nt\" az alaptev\u00e9kenys\u00e9gre val\u00f3 \u00f6sszpontos\u00edt\u00e1s k\u00f6vetkezetes \u00e9s logikus l\u00e9p\u00e9s a kompetenci\u00e1k c\u00e9lzott \u00f6sszpontos\u00edt\u00e1sa \u00e9s az innov\u00e1ci\u00f3s er\u0151 tov\u00e1bbi er\u0151s\u00edt\u00e9se \u00e9rdek\u00e9ben.","robots":{"index":"index","follow":"follow","max-snippet":"max-snippet:-1","max-image-preview":"max-image-preview:large","max-video-preview":"max-video-preview:-1"},"canonical":"https:\/\/www.buechl-gruppe.de\/hu\/news\/az-elogplan-gmbh-sikeresen-megvaltoztatja-nevet-cleversystems-gmbh-ra\/","og_locale":"hu_HU","og_type":"article","og_title":"Az ELOGplan GmbH sikeresen megv\u00e1ltoztatja nev\u00e9t CleverSystems GmbH-ra - B\u00fcchl Gruppe","og_description":"A \"szoftverh\u00e1zk\u00e9nt\" az alaptev\u00e9kenys\u00e9gre val\u00f3 \u00f6sszpontos\u00edt\u00e1s k\u00f6vetkezetes \u00e9s logikus l\u00e9p\u00e9s a kompetenci\u00e1k c\u00e9lzott \u00f6sszpontos\u00edt\u00e1sa \u00e9s az innov\u00e1ci\u00f3s er\u0151 tov\u00e1bbi er\u0151s\u00edt\u00e9se \u00e9rdek\u00e9ben.","og_url":"https:\/\/www.buechl-gruppe.de\/hu\/news\/az-elogplan-gmbh-sikeresen-megvaltoztatja-nevet-cleversystems-gmbh-ra\/","og_site_name":"B\u00fcchl Gruppe","article_modified_time":"2026-03-03T08:49:32+00:00","og_image":[{"width":2560,"height":1440,"url":"https:\/\/www.buechl-gruppe.de\/wp-content\/uploads\/2026\/03\/CleverSystems_Robert-Bosch-Strasse-6_Ingolstadt_02.2026-scaled-e1772527320561.jpg","type":"image\/jpeg"}],"twitter_card":"summary_large_image","twitter_misc":{"Becs\u00fclt olvas\u00e1si id\u0151":"1 perc"},"schema":{"@context":"https:\/\/schema.org","@graph":[{"@type":"WebPage","@id":"https:\/\/www.buechl-gruppe.de\/hu\/news\/az-elogplan-gmbh-sikeresen-megvaltoztatja-nevet-cleversystems-gmbh-ra\/","url":"https:\/\/www.buechl-gruppe.de\/hu\/news\/az-elogplan-gmbh-sikeresen-megvaltoztatja-nevet-cleversystems-gmbh-ra\/","name":"Az ELOGplan GmbH sikeresen megv\u00e1ltoztatja nev\u00e9t CleverSystems GmbH-ra - B\u00fcchl Gruppe","isPartOf":{"@id":"https:\/\/www.buechl-gruppe.de\/#website"},"primaryImageOfPage":{"@id":"https:\/\/www.buechl-gruppe.de\/hu\/news\/az-elogplan-gmbh-sikeresen-megvaltoztatja-nevet-cleversystems-gmbh-ra\/#primaryimage"},"image":{"@id":"https:\/\/www.buechl-gruppe.de\/hu\/news\/az-elogplan-gmbh-sikeresen-megvaltoztatja-nevet-cleversystems-gmbh-ra\/#primaryimage"},"thumbnailUrl":"https:\/\/www.buechl-gruppe.de\/wp-content\/uploads\/2026\/03\/CleverSystems_Robert-Bosch-Strasse-6_Ingolstadt_02.2026-scaled-e1772527320561.jpg","datePublished":"2026-03-03T08:49:22+00:00","dateModified":"2026-03-03T08:49:32+00:00","description":"A \"szoftverh\u00e1zk\u00e9nt\" az alaptev\u00e9kenys\u00e9gre val\u00f3 \u00f6sszpontos\u00edt\u00e1s k\u00f6vetkezetes \u00e9s logikus l\u00e9p\u00e9s a kompetenci\u00e1k c\u00e9lzott \u00f6sszpontos\u00edt\u00e1sa \u00e9s az innov\u00e1ci\u00f3s er\u0151 tov\u00e1bbi er\u0151s\u00edt\u00e9se \u00e9rdek\u00e9ben.","breadcrumb":{"@id":"https:\/\/www.buechl-gruppe.de\/hu\/news\/az-elogplan-gmbh-sikeresen-megvaltoztatja-nevet-cleversystems-gmbh-ra\/#breadcrumb"},"inLanguage":"hu","potentialAction":[{"@type":"ReadAction","target":["https:\/\/www.buechl-gruppe.de\/hu\/news\/az-elogplan-gmbh-sikeresen-megvaltoztatja-nevet-cleversystems-gmbh-ra\/"]}]},{"@type":"ImageObject","inLanguage":"hu","@id":"https:\/\/www.buechl-gruppe.de\/hu\/news\/az-elogplan-gmbh-sikeresen-megvaltoztatja-nevet-cleversystems-gmbh-ra\/#primaryimage","url":"https:\/\/www.buechl-gruppe.de\/wp-content\/uploads\/2026\/03\/CleverSystems_Robert-Bosch-Strasse-6_Ingolstadt_02.2026-scaled-e1772527320561.jpg","contentUrl":"https:\/\/www.buechl-gruppe.de\/wp-content\/uploads\/2026\/03\/CleverSystems_Robert-Bosch-Strasse-6_Ingolstadt_02.2026-scaled-e1772527320561.jpg","width":2560,"height":1440,"caption":"CleverSystems_Robert-Bosch-Stra\u00dfe 6_Ingolstadt_02.2026"},{"@type":"BreadcrumbList","@id":"https:\/\/www.buechl-gruppe.de\/hu\/news\/az-elogplan-gmbh-sikeresen-megvaltoztatja-nevet-cleversystems-gmbh-ra\/#breadcrumb","itemListElement":[{"@type":"ListItem","position":1,"name":"Startseite","item":"https:\/\/www.buechl-gruppe.de\/"},{"@type":"ListItem","position":2,"name":"News","item":"https:\/\/www.buechl-gruppe.de\/news\/"},{"@type":"ListItem","position":3,"name":"Az ELOGplan GmbH sikeresen megv\u00e1ltoztatja nev\u00e9t CleverSystems GmbH-ra"}]},{"@type":"WebSite","@id":"https:\/\/www.buechl-gruppe.de\/#website","url":"https:\/\/www.buechl-gruppe.de\/","name":"B\u00fcchl Gruppe","description":"","publisher":{"@id":"https:\/\/www.buechl-gruppe.de\/#organization"},"potentialAction":[{"@type":"SearchAction","target":{"@type":"EntryPoint","urlTemplate":"https:\/\/www.buechl-gruppe.de\/?s={search_term_string}"},"query-input":{"@type":"PropertyValueSpecification","valueRequired":true,"valueName":"search_term_string"}}],"inLanguage":"hu"},{"@type":"Organization","@id":"https:\/\/www.buechl-gruppe.de\/#organization","name":"B\u00fcchl Gruppe","url":"https:\/\/www.buechl-gruppe.de\/","logo":{"@type":"ImageObject","inLanguage":"hu","@id":"https:\/\/www.buechl-gruppe.de\/#\/schema\/logo\/image\/","url":"https:\/\/www.buechl-gruppe.de\/wp-content\/uploads\/2024\/09\/Logos-4-1.png","contentUrl":"https:\/\/www.buechl-gruppe.de\/wp-content\/uploads\/2024\/09\/Logos-4-1.png","width":300,"height":98,"caption":"B\u00fcchl Gruppe"},"image":{"@id":"https:\/\/www.buechl-gruppe.de\/#\/schema\/logo\/image\/"}}]}},"_links":{"self":[{"href":"https:\/\/www.buechl-gruppe.de\/hu\/wp-json\/wp\/v2\/news\/10276","targetHints":{"allow":["GET"]}}],"collection":[{"href":"https:\/\/www.buechl-gruppe.de\/hu\/wp-json\/wp\/v2\/news"}],"about":[{"href":"https:\/\/www.buechl-gruppe.de\/hu\/wp-json\/wp\/v2\/types\/news"}],"wp:featuredmedia":[{"embeddable":true,"href":"https:\/\/www.buechl-gruppe.de\/hu\/wp-json\/wp\/v2\/media\/10275"}],"wp:attachment":[{"href":"https:\/\/www.buechl-gruppe.de\/hu\/wp-json\/wp\/v2\/media?parent=10276"}],"wp:term":[{"taxonomy":"veroffentlichen-auf","embeddable":true,"href":"https:\/\/www.buechl-gruppe.de\/hu\/wp-json\/wp\/v2\/veroffentlichen-auf?post=10276"},{"taxonomy":"kategorie-news","embeddable":true,"href":"https:\/\/www.buechl-gruppe.de\/hu\/wp-json\/wp\/v2\/kategorie-news?post=10276"}],"curies":[{"name":"wp","href":"https:\/\/api.w.org\/{rel}","templated":true}]}}