{"id":10060,"date":"2025-12-16T14:35:54","date_gmt":"2025-12-16T13:35:54","guid":{"rendered":"https:\/\/www.buechl-gruppe.de\/news\/a-buechl-csoport-karacsonyi-uezenete-2\/"},"modified":"2026-01-07T15:42:34","modified_gmt":"2026-01-07T14:42:34","slug":"a-buechl-csoport-karacsonyi-uezenete-2","status":"publish","type":"news","link":"https:\/\/www.buechl-gruppe.de\/hu\/news\/a-buechl-csoport-karacsonyi-uezenete-2\/","title":{"rendered":"A B\u00dcCHL Csoport kar\u00e1csonyi \u00fczenete"},"content":{"rendered":"\n<p>Kedves \u00fczleti partnereink \u00e9s v\u00e1llalatunk bar\u00e1tai,<\/p>\n\n<p>2025 mindannyiunkat kih\u00edv\u00e1s el\u00e9 \u00e1ll\u00edtott. K\u00fcl\u00f6n\u00f6sen ilyen viharos id\u0151kben a <br\/>megmutatja, hogy mennyire fontos a koh\u00e9zi\u00f3 \u00e9s a val\u00f3di partners\u00e9g. <br\/>Ann\u00e1l jobban \u00e9rt\u00e9kelj\u00fck, hogy sz\u00e1m\u00edthattunk \u00d6n\u00f6kre. <br\/>\u00d6n\u00f6k b\u00edztak benn\u00fcnk &#8211; egy olyan id\u0151szakban, amikor a <br\/>megb\u00edzhat\u00f3s\u00e1ga kor\u00e1ntsem mag\u00e1t\u00f3l \u00e9rtet\u0151d\u0151. <br\/>Szeretn\u00e9nk megk\u00f6sz\u00f6nni ezt a partners\u00e9get \u00e9s h\u0171s\u00e9get. <br\/>A <a href=\"https:\/\/www.buechl-gruppe.de\/wp-content\/uploads\/2025\/12\/Weihnachtsbotschaft-der-BUeCHL-Gruppe-2025.pdf\" target=\"_blank\" rel=\"noreferrer noopener\">B\u00dcCHL Csoport kar\u00e1csonyi \u00fczenete<\/a> ide kattintva olvashat\u00f3. <\/p>\n\n<p><br\/>K\u00e9p forr\u00e1sa: AdobeStock 1761166190 ChristmasTree<\/p>\n\n<p><\/p>\n","protected":false},"featured_media":10057,"template":"","meta":{"wichtig":""},"veroffentlichen-auf":[25,27],"kategorie-news":[40,33,24],"class_list":["post-10060","news","type-news","status-publish","has-post-thumbnail","hentry","veroffentlichen-auf-buechl-entsorgung","veroffentlichen-auf-buechl-gruppe","kategorie-news-geschaeftsentwicklung","kategorie-news-moderner-arbeitgeber","kategorie-news-soziales"],"yoast_head":"<!-- This site is optimized with the Yoast SEO plugin v27.3 - https:\/\/yoast.com\/product\/yoast-seo-wordpress\/ -->\n<title>A B\u00dcCHL Csoport kar\u00e1csonyi \u00fczenete - B\u00fcchl Gruppe<\/title>\n<meta name=\"description\" content=\"K\u00fcl\u00f6n\u00f6sen a viharos id\u0151kben v\u00e1lik vil\u00e1goss\u00e1, hogy a koh\u00e9zi\u00f3, a val\u00f3di partners\u00e9g \u00e9s a lojalit\u00e1s mennyire fontos. Szeretn\u00e9nk nagyon sz\u00e9pen k\u00f6sz\u00f6netet mondani \u00d6n\u00f6knek.\" \/>\n<meta name=\"robots\" content=\"index, follow, max-snippet:-1, max-image-preview:large, max-video-preview:-1\" \/>\n<link rel=\"canonical\" href=\"https:\/\/www.buechl-gruppe.de\/hu\/news\/a-buechl-csoport-karacsonyi-uezenete-2\/\" \/>\n<meta property=\"og:locale\" content=\"hu_HU\" \/>\n<meta property=\"og:type\" content=\"article\" \/>\n<meta property=\"og:title\" content=\"A B\u00dcCHL Csoport kar\u00e1csonyi \u00fczenete - B\u00fcchl Gruppe\" \/>\n<meta property=\"og:description\" content=\"K\u00fcl\u00f6n\u00f6sen a viharos id\u0151kben v\u00e1lik vil\u00e1goss\u00e1, hogy a koh\u00e9zi\u00f3, a val\u00f3di partners\u00e9g \u00e9s a lojalit\u00e1s mennyire fontos. Szeretn\u00e9nk nagyon sz\u00e9pen k\u00f6sz\u00f6netet mondani \u00d6n\u00f6knek.\" \/>\n<meta property=\"og:url\" content=\"https:\/\/www.buechl-gruppe.de\/hu\/news\/a-buechl-csoport-karacsonyi-uezenete-2\/\" \/>\n<meta property=\"og:site_name\" content=\"B\u00fcchl Gruppe\" \/>\n<meta property=\"article:modified_time\" content=\"2026-01-07T14:42:34+00:00\" \/>\n<meta property=\"og:image\" content=\"https:\/\/www.buechl-gruppe.de\/wp-content\/uploads\/2025\/12\/AdobeStock_1761166190_Christmas-Tree_BUeCHL-Weihnachtsbotschaft2025-scaled.jpeg\" \/>\n\t<meta property=\"og:image:width\" content=\"2560\" \/>\n\t<meta property=\"og:image:height\" content=\"1280\" \/>\n\t<meta property=\"og:image:type\" content=\"image\/jpeg\" \/>\n<meta name=\"twitter:card\" content=\"summary_large_image\" \/>\n<meta name=\"twitter:label1\" content=\"Becs\u00fclt olvas\u00e1si id\u0151\" \/>\n\t<meta name=\"twitter:data1\" content=\"1 perc\" \/>\n<script type=\"application\/ld+json\" class=\"yoast-schema-graph\">{\"@context\":\"https:\\\/\\\/schema.org\",\"@graph\":[{\"@type\":\"WebPage\",\"@id\":\"https:\\\/\\\/www.buechl-gruppe.de\\\/hu\\\/news\\\/a-buechl-csoport-karacsonyi-uezenete-2\\\/\",\"url\":\"https:\\\/\\\/www.buechl-gruppe.de\\\/hu\\\/news\\\/a-buechl-csoport-karacsonyi-uezenete-2\\\/\",\"name\":\"A B\u00dcCHL Csoport kar\u00e1csonyi \u00fczenete - B\u00fcchl Gruppe\",\"isPartOf\":{\"@id\":\"https:\\\/\\\/www.buechl-gruppe.de\\\/#website\"},\"primaryImageOfPage\":{\"@id\":\"https:\\\/\\\/www.buechl-gruppe.de\\\/hu\\\/news\\\/a-buechl-csoport-karacsonyi-uezenete-2\\\/#primaryimage\"},\"image\":{\"@id\":\"https:\\\/\\\/www.buechl-gruppe.de\\\/hu\\\/news\\\/a-buechl-csoport-karacsonyi-uezenete-2\\\/#primaryimage\"},\"thumbnailUrl\":\"https:\\\/\\\/www.buechl-gruppe.de\\\/wp-content\\\/uploads\\\/2025\\\/12\\\/AdobeStock_1761166190_Christmas-Tree_BUeCHL-Weihnachtsbotschaft2025-scaled.jpeg\",\"datePublished\":\"2025-12-16T13:35:54+00:00\",\"dateModified\":\"2026-01-07T14:42:34+00:00\",\"description\":\"K\u00fcl\u00f6n\u00f6sen a viharos id\u0151kben v\u00e1lik vil\u00e1goss\u00e1, hogy a koh\u00e9zi\u00f3, a val\u00f3di partners\u00e9g \u00e9s a lojalit\u00e1s mennyire fontos. Szeretn\u00e9nk nagyon sz\u00e9pen k\u00f6sz\u00f6netet mondani \u00d6n\u00f6knek.\",\"breadcrumb\":{\"@id\":\"https:\\\/\\\/www.buechl-gruppe.de\\\/hu\\\/news\\\/a-buechl-csoport-karacsonyi-uezenete-2\\\/#breadcrumb\"},\"inLanguage\":\"hu\",\"potentialAction\":[{\"@type\":\"ReadAction\",\"target\":[\"https:\\\/\\\/www.buechl-gruppe.de\\\/hu\\\/news\\\/a-buechl-csoport-karacsonyi-uezenete-2\\\/\"]}]},{\"@type\":\"ImageObject\",\"inLanguage\":\"hu\",\"@id\":\"https:\\\/\\\/www.buechl-gruppe.de\\\/hu\\\/news\\\/a-buechl-csoport-karacsonyi-uezenete-2\\\/#primaryimage\",\"url\":\"https:\\\/\\\/www.buechl-gruppe.de\\\/wp-content\\\/uploads\\\/2025\\\/12\\\/AdobeStock_1761166190_Christmas-Tree_BUeCHL-Weihnachtsbotschaft2025-scaled.jpeg\",\"contentUrl\":\"https:\\\/\\\/www.buechl-gruppe.de\\\/wp-content\\\/uploads\\\/2025\\\/12\\\/AdobeStock_1761166190_Christmas-Tree_BUeCHL-Weihnachtsbotschaft2025-scaled.jpeg\",\"width\":2560,\"height\":1280,\"caption\":\"Quelle:\"},{\"@type\":\"BreadcrumbList\",\"@id\":\"https:\\\/\\\/www.buechl-gruppe.de\\\/hu\\\/news\\\/a-buechl-csoport-karacsonyi-uezenete-2\\\/#breadcrumb\",\"itemListElement\":[{\"@type\":\"ListItem\",\"position\":1,\"name\":\"Startseite\",\"item\":\"https:\\\/\\\/www.buechl-gruppe.de\\\/\"},{\"@type\":\"ListItem\",\"position\":2,\"name\":\"News\",\"item\":\"https:\\\/\\\/www.buechl-gruppe.de\\\/news\\\/\"},{\"@type\":\"ListItem\",\"position\":3,\"name\":\"A B\u00dcCHL Csoport kar\u00e1csonyi \u00fczenete\"}]},{\"@type\":\"WebSite\",\"@id\":\"https:\\\/\\\/www.buechl-gruppe.de\\\/#website\",\"url\":\"https:\\\/\\\/www.buechl-gruppe.de\\\/\",\"name\":\"B\u00fcchl Gruppe\",\"description\":\"\",\"publisher\":{\"@id\":\"https:\\\/\\\/www.buechl-gruppe.de\\\/#organization\"},\"potentialAction\":[{\"@type\":\"SearchAction\",\"target\":{\"@type\":\"EntryPoint\",\"urlTemplate\":\"https:\\\/\\\/www.buechl-gruppe.de\\\/?s={search_term_string}\"},\"query-input\":{\"@type\":\"PropertyValueSpecification\",\"valueRequired\":true,\"valueName\":\"search_term_string\"}}],\"inLanguage\":\"hu\"},{\"@type\":\"Organization\",\"@id\":\"https:\\\/\\\/www.buechl-gruppe.de\\\/#organization\",\"name\":\"B\u00fcchl Gruppe\",\"url\":\"https:\\\/\\\/www.buechl-gruppe.de\\\/\",\"logo\":{\"@type\":\"ImageObject\",\"inLanguage\":\"hu\",\"@id\":\"https:\\\/\\\/www.buechl-gruppe.de\\\/#\\\/schema\\\/logo\\\/image\\\/\",\"url\":\"https:\\\/\\\/www.buechl-gruppe.de\\\/wp-content\\\/uploads\\\/2024\\\/09\\\/Logos-4-1.png\",\"contentUrl\":\"https:\\\/\\\/www.buechl-gruppe.de\\\/wp-content\\\/uploads\\\/2024\\\/09\\\/Logos-4-1.png\",\"width\":300,\"height\":98,\"caption\":\"B\u00fcchl Gruppe\"},\"image\":{\"@id\":\"https:\\\/\\\/www.buechl-gruppe.de\\\/#\\\/schema\\\/logo\\\/image\\\/\"}}]}<\/script>\n<!-- \/ Yoast SEO plugin. -->","yoast_head_json":{"title":"A B\u00dcCHL Csoport kar\u00e1csonyi \u00fczenete - B\u00fcchl Gruppe","description":"K\u00fcl\u00f6n\u00f6sen a viharos id\u0151kben v\u00e1lik vil\u00e1goss\u00e1, hogy a koh\u00e9zi\u00f3, a val\u00f3di partners\u00e9g \u00e9s a lojalit\u00e1s mennyire fontos. Szeretn\u00e9nk nagyon sz\u00e9pen k\u00f6sz\u00f6netet mondani \u00d6n\u00f6knek.","robots":{"index":"index","follow":"follow","max-snippet":"max-snippet:-1","max-image-preview":"max-image-preview:large","max-video-preview":"max-video-preview:-1"},"canonical":"https:\/\/www.buechl-gruppe.de\/hu\/news\/a-buechl-csoport-karacsonyi-uezenete-2\/","og_locale":"hu_HU","og_type":"article","og_title":"A B\u00dcCHL Csoport kar\u00e1csonyi \u00fczenete - B\u00fcchl Gruppe","og_description":"K\u00fcl\u00f6n\u00f6sen a viharos id\u0151kben v\u00e1lik vil\u00e1goss\u00e1, hogy a koh\u00e9zi\u00f3, a val\u00f3di partners\u00e9g \u00e9s a lojalit\u00e1s mennyire fontos. Szeretn\u00e9nk nagyon sz\u00e9pen k\u00f6sz\u00f6netet mondani \u00d6n\u00f6knek.","og_url":"https:\/\/www.buechl-gruppe.de\/hu\/news\/a-buechl-csoport-karacsonyi-uezenete-2\/","og_site_name":"B\u00fcchl Gruppe","article_modified_time":"2026-01-07T14:42:34+00:00","og_image":[{"width":2560,"height":1280,"url":"https:\/\/www.buechl-gruppe.de\/wp-content\/uploads\/2025\/12\/AdobeStock_1761166190_Christmas-Tree_BUeCHL-Weihnachtsbotschaft2025-scaled.jpeg","type":"image\/jpeg"}],"twitter_card":"summary_large_image","twitter_misc":{"Becs\u00fclt olvas\u00e1si id\u0151":"1 perc"},"schema":{"@context":"https:\/\/schema.org","@graph":[{"@type":"WebPage","@id":"https:\/\/www.buechl-gruppe.de\/hu\/news\/a-buechl-csoport-karacsonyi-uezenete-2\/","url":"https:\/\/www.buechl-gruppe.de\/hu\/news\/a-buechl-csoport-karacsonyi-uezenete-2\/","name":"A B\u00dcCHL Csoport kar\u00e1csonyi \u00fczenete - B\u00fcchl Gruppe","isPartOf":{"@id":"https:\/\/www.buechl-gruppe.de\/#website"},"primaryImageOfPage":{"@id":"https:\/\/www.buechl-gruppe.de\/hu\/news\/a-buechl-csoport-karacsonyi-uezenete-2\/#primaryimage"},"image":{"@id":"https:\/\/www.buechl-gruppe.de\/hu\/news\/a-buechl-csoport-karacsonyi-uezenete-2\/#primaryimage"},"thumbnailUrl":"https:\/\/www.buechl-gruppe.de\/wp-content\/uploads\/2025\/12\/AdobeStock_1761166190_Christmas-Tree_BUeCHL-Weihnachtsbotschaft2025-scaled.jpeg","datePublished":"2025-12-16T13:35:54+00:00","dateModified":"2026-01-07T14:42:34+00:00","description":"K\u00fcl\u00f6n\u00f6sen a viharos id\u0151kben v\u00e1lik vil\u00e1goss\u00e1, hogy a koh\u00e9zi\u00f3, a val\u00f3di partners\u00e9g \u00e9s a lojalit\u00e1s mennyire fontos. Szeretn\u00e9nk nagyon sz\u00e9pen k\u00f6sz\u00f6netet mondani \u00d6n\u00f6knek.","breadcrumb":{"@id":"https:\/\/www.buechl-gruppe.de\/hu\/news\/a-buechl-csoport-karacsonyi-uezenete-2\/#breadcrumb"},"inLanguage":"hu","potentialAction":[{"@type":"ReadAction","target":["https:\/\/www.buechl-gruppe.de\/hu\/news\/a-buechl-csoport-karacsonyi-uezenete-2\/"]}]},{"@type":"ImageObject","inLanguage":"hu","@id":"https:\/\/www.buechl-gruppe.de\/hu\/news\/a-buechl-csoport-karacsonyi-uezenete-2\/#primaryimage","url":"https:\/\/www.buechl-gruppe.de\/wp-content\/uploads\/2025\/12\/AdobeStock_1761166190_Christmas-Tree_BUeCHL-Weihnachtsbotschaft2025-scaled.jpeg","contentUrl":"https:\/\/www.buechl-gruppe.de\/wp-content\/uploads\/2025\/12\/AdobeStock_1761166190_Christmas-Tree_BUeCHL-Weihnachtsbotschaft2025-scaled.jpeg","width":2560,"height":1280,"caption":"Quelle:"},{"@type":"BreadcrumbList","@id":"https:\/\/www.buechl-gruppe.de\/hu\/news\/a-buechl-csoport-karacsonyi-uezenete-2\/#breadcrumb","itemListElement":[{"@type":"ListItem","position":1,"name":"Startseite","item":"https:\/\/www.buechl-gruppe.de\/"},{"@type":"ListItem","position":2,"name":"News","item":"https:\/\/www.buechl-gruppe.de\/news\/"},{"@type":"ListItem","position":3,"name":"A B\u00dcCHL Csoport kar\u00e1csonyi \u00fczenete"}]},{"@type":"WebSite","@id":"https:\/\/www.buechl-gruppe.de\/#website","url":"https:\/\/www.buechl-gruppe.de\/","name":"B\u00fcchl Gruppe","description":"","publisher":{"@id":"https:\/\/www.buechl-gruppe.de\/#organization"},"potentialAction":[{"@type":"SearchAction","target":{"@type":"EntryPoint","urlTemplate":"https:\/\/www.buechl-gruppe.de\/?s={search_term_string}"},"query-input":{"@type":"PropertyValueSpecification","valueRequired":true,"valueName":"search_term_string"}}],"inLanguage":"hu"},{"@type":"Organization","@id":"https:\/\/www.buechl-gruppe.de\/#organization","name":"B\u00fcchl Gruppe","url":"https:\/\/www.buechl-gruppe.de\/","logo":{"@type":"ImageObject","inLanguage":"hu","@id":"https:\/\/www.buechl-gruppe.de\/#\/schema\/logo\/image\/","url":"https:\/\/www.buechl-gruppe.de\/wp-content\/uploads\/2024\/09\/Logos-4-1.png","contentUrl":"https:\/\/www.buechl-gruppe.de\/wp-content\/uploads\/2024\/09\/Logos-4-1.png","width":300,"height":98,"caption":"B\u00fcchl Gruppe"},"image":{"@id":"https:\/\/www.buechl-gruppe.de\/#\/schema\/logo\/image\/"}}]}},"_links":{"self":[{"href":"https:\/\/www.buechl-gruppe.de\/hu\/wp-json\/wp\/v2\/news\/10060","targetHints":{"allow":["GET"]}}],"collection":[{"href":"https:\/\/www.buechl-gruppe.de\/hu\/wp-json\/wp\/v2\/news"}],"about":[{"href":"https:\/\/www.buechl-gruppe.de\/hu\/wp-json\/wp\/v2\/types\/news"}],"wp:featuredmedia":[{"embeddable":true,"href":"https:\/\/www.buechl-gruppe.de\/hu\/wp-json\/wp\/v2\/media\/10057"}],"wp:attachment":[{"href":"https:\/\/www.buechl-gruppe.de\/hu\/wp-json\/wp\/v2\/media?parent=10060"}],"wp:term":[{"taxonomy":"veroffentlichen-auf","embeddable":true,"href":"https:\/\/www.buechl-gruppe.de\/hu\/wp-json\/wp\/v2\/veroffentlichen-auf?post=10060"},{"taxonomy":"kategorie-news","embeddable":true,"href":"https:\/\/www.buechl-gruppe.de\/hu\/wp-json\/wp\/v2\/kategorie-news?post=10060"}],"curies":[{"name":"wp","href":"https:\/\/api.w.org\/{rel}","templated":true}]}}